{"id":11118,"date":"2020-04-14T21:38:41","date_gmt":"2020-04-15T02:38:41","guid":{"rendered":"http:\/\/www.zonaroja.com.mx\/?p=11118"},"modified":"2020-04-14T21:38:45","modified_gmt":"2020-04-15T02:38:45","slug":"piden-proteccion-para-activista-que-difundia-informacion-sobre-covid-19-en-la-sierra","status":"publish","type":"post","link":"https:\/\/zonaroja.com.mx\/?p=11118","title":{"rendered":"Piden protecci\u00f3n para activista que difund\u00eda informaci\u00f3n sobre Covid-19 en la Sierra"},"content":{"rendered":"\n<p>Evlin Arag\u00f3n\/Zona Roja.<\/p>\n\n\n\n<p>Oaxaca de Ju\u00e1rez, Oax., 14 de abril de\n2020.- Decenas de organizaciones sociales y activistas exigieron medidas\ncautelares para garantizar la integridad f\u00edsica, psicol\u00f3gica y jur\u00eddica de\nMirian Pascual Jimenez y todo el equipo que integra Yureni A.C., y el proyecto\nde comunicaci\u00f3n Enfoque \u201cBene Leahj\u201d.<\/p>\n\n\n\n<p>Lo anterior, luego de una serie de\nactos de intimidaci\u00f3n y violencia de la que ha sido objeto la mujer en la\ncomunidad de Guelatao de Ju\u00e1rez, en la Sierra Norte de Oaxaca.<\/p>\n\n\n\n<p>As\u00ed lo refiere un amplio comunicado\nencabezado por el Observatorio Ciudadano Nacional de Feminicidios (OCNF), en\ndonde tambi\u00e9n se pide una disculpa p\u00fablica a la activista por parte de edil de\nla localidad, Federico Hern\u00e1ndez Ram\u00edrez, y se garantice el libre ejercicio del\nderecho a la comunicacion comunitaria ind\u00edgena, que ha sido vulnerado en los\n\u00faltimos d\u00edas.<\/p>\n\n\n\n<p>De acuerdo con las y los activistas, en\nd\u00edas recientes y debido a la pandemia por Covid-19, la mujer ha encabezado una\ncampa\u00f1a informativa sobre el virus, sus consecuencias y recomendaciones,\nconforme a los datos que se han emitido a nivel federal, lo cual no ha sido del\nagradado de la autoridad municipal, quien ha tratado de intimidar a la mujer.<\/p>\n\n\n\n<p>Explicaron que el pasado 7 de abril de\n2020, un grupo de polic\u00edas municipales de Guelatao de Ju\u00e1rez llegaron a las\n22:00 horas al domicilio de la defensora de derechos humanos, para retirarle\nlos libros que formaron parte del programa comunitario \u201cLecturas encantadas\u201d,\nmismo que fue fundado por Luis Morales y ella a trav\u00e9s de ARTE A.C. Colectivo\n\u201cBene Leahj\u201d, y YURENI A.C. en acuerdo con la Regidur\u00eda de Educaci\u00f3n, Salud, y\nEcolog\u00eda de ese municipio.<\/p>\n\n\n\n<p>Se trataba de una acci\u00f3n acordada\npreviamente a fin de actualizar el acervo literario, sin embargo no se llev\u00f3 a\ncabo en la fecha y horario acordado, adem\u00e1s de que los elementos polic\u00edacos\n-que aseguraron iban por \u00f3rdenes del edil- se negaron a firmar de recibido, por\nlo que se decidi\u00f3 no entregar los libros.<\/p>\n\n\n\n<p>Al respecto, el tambi\u00e9n fundador de\nColectivo \u201cBene Leahj\u201d, Luis Morales, llam\u00f3 por tel\u00e9fono al Presidente de Guelatao\nde Ju\u00e1rez, Federico Hern\u00e1ndez Ram\u00edrez, para preguntarle sobre la situaci\u00f3n,\nquien reconoci\u00f3 que se trataba de un acto de intimidaci\u00f3n a la activista ya\n\u201cestaba realizando comentarios y sugerencias que no van\u201d.<\/p>\n\n\n\n<p>Y es que recientemente Miriam Pascual\nhab\u00eda realizado acciones informativas sobre Covid-19, debido a que en el municipio\nde Guelatao se realizaron dos eventos multitudinarios el 21 de marzo, y no fue\nhasta este 5 de abril que comenzaron a tomar las medidas preventivas y difundir\nlas recomendaciones que el gobierno federal estableci\u00f3.<\/p>\n\n\n\n<p>\u201cEl hecho de realizar una cr\u00edtica al\nmal manejo sanitario ante la pandemia, y la difusi\u00f3n de informaci\u00f3n\nculturalmente adecuada, molest\u00f3 a las autoridades municipales por considerar\nque se le estaba contradiciendo\u201d, cita el documento.<\/p>\n\n\n\n<p>Por lo anterior, pidieron el cese a la\ncriminalizaci\u00f3n de la defensa de los derechos humanos, la comunicaci\u00f3n\nind\u00edgena, la libertad de expresi\u00f3n en Guelatao de Ju\u00e1rez, en donde a pesar de\nhacer p\u00fablica la situaci\u00f3n desde hace unos d\u00edas, no se ha recibido respuesta\npor parte del edil Federico Hern\u00e1ndez Ram\u00edrez.<\/p>\n\n\n\n<p>Miriam Pascual es nativa de Guelatao de\nJu\u00e1rez, y zapoteca Bene Xidza, ha impulsado durante los \u00faltimos dos a\u00f1os\ndiversos materiales radiof\u00f3nicos mediante el ejercicio del derecho a la\ncomunicaci\u00f3n ind\u00edgena.<\/p>\n\n\n\n<p>Recientemente el tema que difundi\u00f3 fue\nel derecho a la salud y la comunicaci\u00f3n comunitaria frente al Covid-19, lo cual\nno fue del completo agrado de la autoridad municipal que decidi\u00f3 actuar en su\ncontra.<\/p>\n","protected":false},"excerpt":{"rendered":"<p>Evlin Arag\u00f3n\/Zona Roja. Oaxaca de Ju\u00e1rez, Oax., 14 de abril de 2020.- Decenas de organizaciones&hellip;<\/p>\n","protected":false},"author":2,"featured_media":11119,"comment_status":"closed","ping_status":"open","sticky":false,"template":"","format":"standard","meta":{"_lmt_disableupdate":"","_lmt_disable":"","_jetpack_memberships_contains_paid_content":false,"footnotes":""},"categories":[109,47],"tags":[1620],"class_list":["post-11118","post","type-post","status-publish","format-standard","has-post-thumbnail","hentry","category-minuto-a-minuto","category-zona-gris","tag-miriam-pascual-guelatao"],"jetpack_featured_media_url":"https:\/\/zonaroja.com.mx\/wp-content\/uploads\/2020\/04\/M\u00edriam-Pascual.jpg","jetpack_sharing_enabled":true,"_links":{"self":[{"href":"https:\/\/zonaroja.com.mx\/index.php?rest_route=\/wp\/v2\/posts\/11118","targetHints":{"allow":["GET"]}}],"collection":[{"href":"https:\/\/zonaroja.com.mx\/index.php?rest_route=\/wp\/v2\/posts"}],"about":[{"href":"https:\/\/zonaroja.com.mx\/index.php?rest_route=\/wp\/v2\/types\/post"}],"author":[{"embeddable":true,"href":"https:\/\/zonaroja.com.mx\/index.php?rest_route=\/wp\/v2\/users\/2"}],"replies":[{"embeddable":true,"href":"https:\/\/zonaroja.com.mx\/index.php?rest_route=%2Fwp%2Fv2%2Fcomments&post=11118"}],"version-history":[{"count":1,"href":"https:\/\/zonaroja.com.mx\/index.php?rest_route=\/wp\/v2\/posts\/11118\/revisions"}],"predecessor-version":[{"id":11120,"href":"https:\/\/zonaroja.com.mx\/index.php?rest_route=\/wp\/v2\/posts\/11118\/revisions\/11120"}],"wp:featuredmedia":[{"embeddable":true,"href":"https:\/\/zonaroja.com.mx\/index.php?rest_route=\/wp\/v2\/media\/11119"}],"wp:attachment":[{"href":"https:\/\/zonaroja.com.mx\/index.php?rest_route=%2Fwp%2Fv2%2Fmedia&parent=11118"}],"wp:term":[{"taxonomy":"category","embeddable":true,"href":"https:\/\/zonaroja.com.mx\/index.php?rest_route=%2Fwp%2Fv2%2Fcategories&post=11118"},{"taxonomy":"post_tag","embeddable":true,"href":"https:\/\/zonaroja.com.mx\/index.php?rest_route=%2Fwp%2Fv2%2Ftags&post=11118"}],"curies":[{"name":"wp","href":"https:\/\/api.w.org\/{rel}","templated":true}]}}