{"id":11124,"date":"2020-04-15T07:49:11","date_gmt":"2020-04-15T12:49:11","guid":{"rendered":"http:\/\/www.zonaroja.com.mx\/?p=11124"},"modified":"2020-04-15T07:54:16","modified_gmt":"2020-04-15T12:54:16","slug":"denuncian-a-farmacias-del-ahorro-en-oaxaca-por-despido-injustificado","status":"publish","type":"post","link":"https:\/\/zonaroja.com.mx\/?p=11124","title":{"rendered":"Denuncian a Farmacias del Ahorro en Oaxaca por despido injustificado"},"content":{"rendered":"\n<p>Redacci\u00f3n\/Zona Roja.<\/p>\n\n\n\n<p>Oaxaca de Ju\u00e1rez, Oax., 15 de abril de\n2020.- Nancy Luna Antonio, trabajadora de la Comercializadora Farmac\u00e9utica de\nChiapas que administra la marca Farmacias del Ahorro en Oaxaca, denunci\u00f3 a\ndicha empresa por despido injustificado y por intentar obligarla a firmar su\nrenuncia voluntaria luego de casi 15 a\u00f1os de trabajo.<\/p>\n\n\n\n<p>En conferencia de prensa, Luna Antonio, explic\u00f3 que fue despedida de manera injustificada el d\u00eda de ayer por la gerente de plaza Melissa Fernanda Flores Cruz, quien la canaliz\u00f3 con el gerente de Recursos Humanos F\u00e9lix Humberto Bravo Fern\u00e1ndez, mismo que intent\u00f3 obligarla a firmar un documento que especificaba su renuncia voluntaria y que aceptara un finiquito por la cantidad de ocho mil 331 pesos, algo injusto dijo la ex trabajadora cuando llevaba ya laborando 14 a\u00f1os y nueve meses en esa empresa.<\/p>\n\n\n\n<figure class=\"wp-block-image\"><img decoding=\"async\" width=\"480\" height=\"640\" src=\"http:\/\/www.zonaroja.com.mx\/wp-content\/uploads\/2020\/04\/Despedida-Farmacia-del-Ahorro-1.jpg\" alt=\"\" class=\"wp-image-11126\" srcset=\"https:\/\/zonaroja.com.mx\/wp-content\/uploads\/2020\/04\/Despedida-Farmacia-del-Ahorro-1.jpg 480w, https:\/\/zonaroja.com.mx\/wp-content\/uploads\/2020\/04\/Despedida-Farmacia-del-Ahorro-1-225x300.jpg 225w\" sizes=\"(max-width: 480px) 100vw, 480px\" \/><\/figure>\n\n\n\n<p>\u201cFirmas en este momento tu finiquito o\nte buscas a unos abogados porque la empresa est\u00e1 rescindiendo de tus\nservicios\u201d, textualmente me grit\u00f3, dijo Luna Antonio.<\/p>\n\n\n\n<p>A Nancy Luna, ex gerente de la sucursal\nSanta Anita, le fue negado el acceso a su centro laboral por su jefe inmediato\nHerminio G\u00f3mez, quien le inform\u00f3 que por instrucciones superiores quedaba\nseparada de sus funciones. <\/p>\n\n\n\n<p>De igual manera fue sacada por el\ngerente Bravo Fern\u00e1ndez, seg\u00fan expuso mediante la conferencia de prensa.<\/p>\n\n\n\n<p>En siete meses en la empresa, Melissa\nFernanda ha corrido a 12 trabajadores con antig\u00fcedades de 12 a 25 a\u00f1os y los\nadministrativos no han actuado al respecto. <\/p>\n\n\n\n<p>Ha ca\u00eddo en acoso laboral, abuso de autoridad; afirm\u00f3 la ex trabajadora Luna Antonio, quien pide que se le respeten sus derechos laborales y que le den una liquidaci\u00f3n de acuerdo a sus a\u00f1os en la empresa.<\/p>\n\n\n\n<figure class=\"wp-block-embed-twitter wp-block-embed is-type-rich is-provider-twitter\"><div class=\"wp-block-embed__wrapper\">\n<div class=\"twitter-tweet\"><blockquote class=\"twitter-tweet\" data-lang=\"es\"><p lang=\"es\" dir=\"ltr\"><a href=\"https:\/\/twitter.com\/hashtag\/CoronavirusEmergenciaSanitaria?src=hash&amp;ref_src=twsrc%5Etfw\">#CoronavirusEmergenciaSanitaria<\/a><br>Pese a la contingencia por <a href=\"https:\/\/twitter.com\/hashtag\/coronavirus?src=hash&amp;ref_src=twsrc%5Etfw\">#coronavirus<\/a>, una mujer con casi 15 a\u00f1os de antig\u00fcedad fue cesada por <a href=\"https:\/\/twitter.com\/FAhorro?ref_src=twsrc%5Etfw\">@FAhorro<\/a> en <a href=\"https:\/\/twitter.com\/hashtag\/Oaxaca?src=hash&amp;ref_src=twsrc%5Etfw\">#Oaxaca<\/a>, sin justificaci\u00f3n alguna. <a href=\"https:\/\/t.co\/by6eDdhSiz\">pic.twitter.com\/by6eDdhSiz<\/a><\/p>&mdash; Zona Roja Oaxaca (@MexRoja) <a href=\"https:\/\/twitter.com\/MexRoja\/status\/1250237466520563712?ref_src=twsrc%5Etfw\">15 de abril de 2020<\/a><\/blockquote><\/div>\n<\/div><\/figure>\n","protected":false},"excerpt":{"rendered":"<p>Redacci\u00f3n\/Zona Roja. Oaxaca de Ju\u00e1rez, Oax., 15 de abril de 2020.- Nancy Luna Antonio, trabajadora&hellip;<\/p>\n","protected":false},"author":2,"featured_media":11125,"comment_status":"closed","ping_status":"open","sticky":false,"template":"","format":"standard","meta":{"_lmt_disableupdate":"","_lmt_disable":"","_jetpack_memberships_contains_paid_content":false,"footnotes":""},"categories":[109,47],"tags":[1621],"class_list":["post-11124","post","type-post","status-publish","format-standard","has-post-thumbnail","hentry","category-minuto-a-minuto","category-zona-gris","tag-farmacia-del-ahorro"],"jetpack_featured_media_url":"https:\/\/zonaroja.com.mx\/wp-content\/uploads\/2020\/04\/Despedida-Farmacia-del-Ahorro-2.jpg","jetpack_sharing_enabled":true,"_links":{"self":[{"href":"https:\/\/zonaroja.com.mx\/index.php?rest_route=\/wp\/v2\/posts\/11124","targetHints":{"allow":["GET"]}}],"collection":[{"href":"https:\/\/zonaroja.com.mx\/index.php?rest_route=\/wp\/v2\/posts"}],"about":[{"href":"https:\/\/zonaroja.com.mx\/index.php?rest_route=\/wp\/v2\/types\/post"}],"author":[{"embeddable":true,"href":"https:\/\/zonaroja.com.mx\/index.php?rest_route=\/wp\/v2\/users\/2"}],"replies":[{"embeddable":true,"href":"https:\/\/zonaroja.com.mx\/index.php?rest_route=%2Fwp%2Fv2%2Fcomments&post=11124"}],"version-history":[{"count":1,"href":"https:\/\/zonaroja.com.mx\/index.php?rest_route=\/wp\/v2\/posts\/11124\/revisions"}],"predecessor-version":[{"id":11127,"href":"https:\/\/zonaroja.com.mx\/index.php?rest_route=\/wp\/v2\/posts\/11124\/revisions\/11127"}],"wp:featuredmedia":[{"embeddable":true,"href":"https:\/\/zonaroja.com.mx\/index.php?rest_route=\/wp\/v2\/media\/11125"}],"wp:attachment":[{"href":"https:\/\/zonaroja.com.mx\/index.php?rest_route=%2Fwp%2Fv2%2Fmedia&parent=11124"}],"wp:term":[{"taxonomy":"category","embeddable":true,"href":"https:\/\/zonaroja.com.mx\/index.php?rest_route=%2Fwp%2Fv2%2Fcategories&post=11124"},{"taxonomy":"post_tag","embeddable":true,"href":"https:\/\/zonaroja.com.mx\/index.php?rest_route=%2Fwp%2Fv2%2Ftags&post=11124"}],"curies":[{"name":"wp","href":"https:\/\/api.w.org\/{rel}","templated":true}]}}