{"id":11128,"date":"2020-04-15T07:58:21","date_gmt":"2020-04-15T12:58:21","guid":{"rendered":"http:\/\/www.zonaroja.com.mx\/?p=11128"},"modified":"2020-04-15T07:58:24","modified_gmt":"2020-04-15T12:58:24","slug":"revisan-sep-y-el-ieepo-el-pago-de-nomina-y-prestaciones-al-magisterio","status":"publish","type":"post","link":"https:\/\/zonaroja.com.mx\/?p=11128","title":{"rendered":"Revisan SEP y el IEEPO el pago de n\u00f3mina y prestaciones al magisterio"},"content":{"rendered":"\n<p>Redacci\u00f3n\/Zona Roja.<\/p>\n\n\n\n<p>Oaxaca de Ju\u00e1rez, Oax., 15 de abril de\n2020.- El director general del Instituto Estatal de Educaci\u00f3n P\u00fablica de Oaxaca\n(IEEPO), Francisco \u00c1ngel Villarreal se reuni\u00f3 ayer en la Ciudad de M\u00e9xico con\nfuncionarios de la Secretar\u00eda de Educaci\u00f3n P\u00fablica (SEP) para garantizar el\npago de n\u00f3mina y prestaciones al magisterio oaxaque\u00f1o.<\/p>\n\n\n\n<p>En el encuentro que se efectu\u00f3 con el\ntitular de la Unidad de Administraci\u00f3n y Finanzas, H\u00e9ctor Garza Gonz\u00e1lez, y la\ndirectora general de Presupuesto y Recursos Financieros, M\u00f3nica P\u00e9rez L\u00f3pez, en\nun marco de di\u00e1logo y entendimiento, se revis\u00f3 la ruta a seguir para asegurar\nel cabal cumplimiento de las obligaciones patronales en esta situaci\u00f3n\nextraordinaria propiciada por el COVID-19.<\/p>\n\n\n\n<p>En un comunicado, el director General\ndel IEEPO destac\u00f3 que hoy los gobiernos de M\u00e9xico y de Oaxaca son aliados del\nmagisterio y de acuerdo con los nuevos marcos normativos, se da respuesta a las\ny los trabajadores de la educaci\u00f3n, en quienes se ha reconocido su esfuerzo por\nmejorar la educaci\u00f3n del estado.<\/p>\n\n\n\n<p>La reuni\u00f3n se efectu\u00f3 en el di\u00e1logo\npermanente que la administraci\u00f3n del gobernador Alejandro Murat mantiene con\nlas autoridades educativas a nivel federal y que ha coadyuvado en importantes\navances y en la soluci\u00f3n de temas educativos actuales y rezagados, expuso.<\/p>\n","protected":false},"excerpt":{"rendered":"<p>Redacci\u00f3n\/Zona Roja. Oaxaca de Ju\u00e1rez, Oax., 15 de abril de 2020.- El director general del&hellip;<\/p>\n","protected":false},"author":2,"featured_media":11129,"comment_status":"closed","ping_status":"open","sticky":false,"template":"","format":"standard","meta":{"_lmt_disableupdate":"","_lmt_disable":"","_jetpack_memberships_contains_paid_content":false,"footnotes":""},"categories":[109,46],"tags":[599],"class_list":["post-11128","post","type-post","status-publish","format-standard","has-post-thumbnail","hentry","category-minuto-a-minuto","category-zona-blanca","tag-instituto-estatal-de-educacion-publica-de-oaxaca"],"jetpack_featured_media_url":"https:\/\/zonaroja.com.mx\/wp-content\/uploads\/2020\/04\/IEEPO-5.jpeg","jetpack_sharing_enabled":true,"_links":{"self":[{"href":"https:\/\/zonaroja.com.mx\/index.php?rest_route=\/wp\/v2\/posts\/11128","targetHints":{"allow":["GET"]}}],"collection":[{"href":"https:\/\/zonaroja.com.mx\/index.php?rest_route=\/wp\/v2\/posts"}],"about":[{"href":"https:\/\/zonaroja.com.mx\/index.php?rest_route=\/wp\/v2\/types\/post"}],"author":[{"embeddable":true,"href":"https:\/\/zonaroja.com.mx\/index.php?rest_route=\/wp\/v2\/users\/2"}],"replies":[{"embeddable":true,"href":"https:\/\/zonaroja.com.mx\/index.php?rest_route=%2Fwp%2Fv2%2Fcomments&post=11128"}],"version-history":[{"count":1,"href":"https:\/\/zonaroja.com.mx\/index.php?rest_route=\/wp\/v2\/posts\/11128\/revisions"}],"predecessor-version":[{"id":11130,"href":"https:\/\/zonaroja.com.mx\/index.php?rest_route=\/wp\/v2\/posts\/11128\/revisions\/11130"}],"wp:featuredmedia":[{"embeddable":true,"href":"https:\/\/zonaroja.com.mx\/index.php?rest_route=\/wp\/v2\/media\/11129"}],"wp:attachment":[{"href":"https:\/\/zonaroja.com.mx\/index.php?rest_route=%2Fwp%2Fv2%2Fmedia&parent=11128"}],"wp:term":[{"taxonomy":"category","embeddable":true,"href":"https:\/\/zonaroja.com.mx\/index.php?rest_route=%2Fwp%2Fv2%2Fcategories&post=11128"},{"taxonomy":"post_tag","embeddable":true,"href":"https:\/\/zonaroja.com.mx\/index.php?rest_route=%2Fwp%2Fv2%2Ftags&post=11128"}],"curies":[{"name":"wp","href":"https:\/\/api.w.org\/{rel}","templated":true}]}}