{"id":11134,"date":"2020-04-15T10:37:57","date_gmt":"2020-04-15T15:37:57","guid":{"rendered":"http:\/\/www.zonaroja.com.mx\/?p=11134"},"modified":"2020-04-15T10:38:00","modified_gmt":"2020-04-15T15:38:00","slug":"el-fmi-anticipa-grave-recesion-mundial-en-mexico-seria-de-6-6","status":"publish","type":"post","link":"https:\/\/zonaroja.com.mx\/?p=11134","title":{"rendered":"El FMI anticipa grave recesi\u00f3n mundial; en M\u00e9xico ser\u00eda de 6.6%"},"content":{"rendered":"\n<p>Redacci\u00f3n\/Zona Roja Cdmx.<\/p>\n\n\n\n<p>Ciudad de M\u00e9xico, 15 de abril de 2020.- La\ngran par\u00e1lisis inducida en los negocios por causa del coronavirus ocasionar\u00e1\nuna ca\u00edda de 3% del Producto Interno Bruto (PIB) mundial este a\u00f1o, el peor\ndesempe\u00f1o econ\u00f3mico desde la Gran Depresi\u00f3n de 1929, proyect\u00f3 el Fondo\nMonetario Internacional (FMI).<\/p>\n\n\n\n<p>El diario \u201cExcelsior\u201d inform\u00f3 que en la\npresentaci\u00f3n de su Panorama Econ\u00f3mico Mundial de abril, el organismo\ninternacional destac\u00f3 que la ca\u00edda de este a\u00f1o ser\u00e1 30 veces peor que la crisis\nfinanciera de 2009, cuando la econom\u00eda global retrocedi\u00f3 0.1%, y ocasionar\u00e1 una\ndestrucci\u00f3n acumulada de valor de nueve billones de d\u00f3lares entre este a\u00f1o y el\nsiguiente.<\/p>\n\n\n\n<p>Los pa\u00edses desarrollados ser\u00e1n los que\npaguen m\u00e1s los platos rotos en cuanto a decrecimiento econ\u00f3mico, pues caer\u00e1n en\nconjunto 6.1%, resaltando los casos de Italia (9.1%), Espa\u00f1a (8.0%), Francia\n(7.2%), Alemania (7.0%) y Estados Unidos (5.9 por ciento).<\/p>\n\n\n\n<p>En cambio, entre los pa\u00edses en\ndesarrollo, la ca\u00edda agregada ser\u00e1 de 1.0%, y los que tendr\u00e1n \u201cmejor\u201d desempe\u00f1o\nser\u00e1n China y la India, a\u00f1ade la publicaci\u00f3n de \u201cLa Jornada\u201d.<\/p>\n\n\n\n<p>En lo que se refiere a la recuperaci\u00f3n\nesperada en 2021, el FMI proyecta un rebote de 5.8% de la econom\u00eda global,\nimpulsada por los pa\u00edses en desarrollo, que crecer\u00e1n en conjunto 6.6%, mientras\nque ninguno de los pa\u00edses avanzados rebotar\u00e1 por encima de la ca\u00edda de 2020,\ncon un avance conjunto de 4.5 por ciento.<\/p>\n\n\n\n<p>M\u00c9XICO, GRAVE<\/p>\n\n\n\n<p>En tanto, para M\u00e9xico, la previsi\u00f3n\ntambi\u00e9n se hundi\u00f3. De uno por ciento en enero pasado a una contracci\u00f3n de 6.6%,\nsiendo \u00e9ste el deterioro m\u00e1s pronunciado desde la Gran Depresi\u00f3n, cuando la\neconom\u00eda mexicana rest\u00f3 17.6 entre 1929 y 1933, seg\u00fan estudios.<\/p>\n\n\n\n<p>Seg\u00fan informaci\u00f3n divulgada por el\ndiario \u201cLa Jornada\u201d, para el pa\u00eds tambi\u00e9n prev\u00e9 que el desempleo escale a 5.3\npor ciento de la poblaci\u00f3n econ\u00f3micamente activa al cierre del a\u00f1o, la\ninflaci\u00f3n baje a 2.7 y el saldo de la cuenta corriente ampl\u00ede su d\u00e9ficit en 3.7\ndel producto interno bruto (PIB), consigna en las Perspectivas de la Econom\u00eda\nMundial.<\/p>\n\n\n\n<p>A\u00f1adi\u00f3 que la esperada recuperaci\u00f3n el\na\u00f1o pr\u00f3ximo arrastrar\u00e1 p\u00e9rdidas por 9 billones de d\u00f3lares \u2013monto que supera el\nvalor de las econom\u00edas de Jap\u00f3n y Alemania combinadas\u2013 seg\u00fan los c\u00e1lculos del\nFMI.<\/p>\n","protected":false},"excerpt":{"rendered":"<p>Redacci\u00f3n\/Zona Roja Cdmx. Ciudad de M\u00e9xico, 15 de abril de 2020.- La gran par\u00e1lisis inducida&hellip;<\/p>\n","protected":false},"author":2,"featured_media":11135,"comment_status":"closed","ping_status":"open","sticky":false,"template":"","format":"standard","meta":{"_lmt_disableupdate":"","_lmt_disable":"","_jetpack_memberships_contains_paid_content":false,"footnotes":""},"categories":[109,47],"tags":[1510],"class_list":["post-11134","post","type-post","status-publish","format-standard","has-post-thumbnail","hentry","category-minuto-a-minuto","category-zona-gris","tag-coronavirus-pandemia-global"],"jetpack_featured_media_url":"https:\/\/zonaroja.com.mx\/wp-content\/uploads\/2020\/04\/Fondo-Monetario-Internacional-FMI.jpg","jetpack_sharing_enabled":true,"_links":{"self":[{"href":"https:\/\/zonaroja.com.mx\/index.php?rest_route=\/wp\/v2\/posts\/11134","targetHints":{"allow":["GET"]}}],"collection":[{"href":"https:\/\/zonaroja.com.mx\/index.php?rest_route=\/wp\/v2\/posts"}],"about":[{"href":"https:\/\/zonaroja.com.mx\/index.php?rest_route=\/wp\/v2\/types\/post"}],"author":[{"embeddable":true,"href":"https:\/\/zonaroja.com.mx\/index.php?rest_route=\/wp\/v2\/users\/2"}],"replies":[{"embeddable":true,"href":"https:\/\/zonaroja.com.mx\/index.php?rest_route=%2Fwp%2Fv2%2Fcomments&post=11134"}],"version-history":[{"count":1,"href":"https:\/\/zonaroja.com.mx\/index.php?rest_route=\/wp\/v2\/posts\/11134\/revisions"}],"predecessor-version":[{"id":11136,"href":"https:\/\/zonaroja.com.mx\/index.php?rest_route=\/wp\/v2\/posts\/11134\/revisions\/11136"}],"wp:featuredmedia":[{"embeddable":true,"href":"https:\/\/zonaroja.com.mx\/index.php?rest_route=\/wp\/v2\/media\/11135"}],"wp:attachment":[{"href":"https:\/\/zonaroja.com.mx\/index.php?rest_route=%2Fwp%2Fv2%2Fmedia&parent=11134"}],"wp:term":[{"taxonomy":"category","embeddable":true,"href":"https:\/\/zonaroja.com.mx\/index.php?rest_route=%2Fwp%2Fv2%2Fcategories&post=11134"},{"taxonomy":"post_tag","embeddable":true,"href":"https:\/\/zonaroja.com.mx\/index.php?rest_route=%2Fwp%2Fv2%2Ftags&post=11134"}],"curies":[{"name":"wp","href":"https:\/\/api.w.org\/{rel}","templated":true}]}}