{"id":11137,"date":"2020-04-15T11:26:51","date_gmt":"2020-04-15T16:26:51","guid":{"rendered":"http:\/\/www.zonaroja.com.mx\/?p=11137"},"modified":"2020-04-15T11:26:54","modified_gmt":"2020-04-15T16:26:54","slug":"protestan-transportistas-y-vendedores-de-ganado-afectados-por-covid-19","status":"publish","type":"post","link":"https:\/\/zonaroja.com.mx\/?p=11137","title":{"rendered":"Protestan transportistas y vendedores de ganado, afectados por Covid-19"},"content":{"rendered":"\n<p>Evlin Arag\u00f3n\/Zona Roja.<\/p>\n\n\n\n<p>Oaxaca de Ju\u00e1rez, Oax., 15 de abril de\n2020.- Afiliados a la Alianza de Transportistas y Gu\u00edas A.C., realizaron hoy una\ncaravana de la fuente de la Ocho Regiones al atrio de Santo Domingo de Guzm\u00e1n de\nla ciudad de Oaxaca, para manifestar su preocupaci\u00f3n ante la cancelaci\u00f3n del\nservicio que prestan debido a la contingencia por el Covid-19 y la exigencia de\napoyo econ\u00f3mico a las autoridades federales.<\/p>\n\n\n\n<p>En un documento dirigido al Presidente\nde la Rep\u00fablica, Andr\u00e9s Manuel L\u00f3pez Obrador, los trabajadores denunciaron que\nse encuentran de manera imprevista y violenta privados de su \u00fanica fuente de ingresos\ndebido a la cancelaci\u00f3n generalizada de los servicios que ofrecen, la pandemia\nque inevitablemente lleg\u00f3 a territorio oaxaque\u00f1o.<\/p>\n\n\n\n<p>Se trata de personas que laboran en el\n\u00e1mbito tur\u00edstico en la ciudad de Oaxaca, que qued\u00f3 pr\u00e1cticamente suspendido en\nestos momentos, quienes esta ma\u00f1ana de mi\u00e9rcoles salieron a las calles a pedir\nel respaldo de las autoridades locales y federales a fin de llevar el sustento\na sus familias.<\/p>\n\n\n\n<p>Por lo anterior demandaron de manera\nurgente apoyo econ\u00f3mico directo que les permita sobrevivir dignamente durante\nel tiempo que dure esta desafortunada situaci\u00f3n, aclarando que, ante la falta\nde ingresos no pueden hacer frente al pago de cr\u00e9ditos que tienen concertados.<\/p>\n\n\n\n<p>En un encuentro con los medios de\ncomunicaci\u00f3n advirtieron que en caso de ser necesario, accionar de otra manera\nlo har\u00e1n debido a la necesidad por obtener ingresos que les permitan atender a\nsus familias.<\/p>\n\n\n\n<p>\u201cCreo que como oaxaque\u00f1os que tambi\u00e9n\ngeneramos ingresos y que llevamos a los artesanos, a los restauranteros y\nmuchos sectores m\u00e1s una dispersi\u00f3n de dinero con los turistas que manejamos\ncreo que merecemos respeto y pedimos el apoyo con dignidad\u201d, manifestaron.<\/p>\n\n\n\n<p>As\u00ed mismo, dijeron que la caravana de\nesta ma\u00f1ana fue para hacer evidente que no est\u00e1n siendo atendidos en la medida\nde las circunstancias, por lo que se reservaron el derecho de realizar acciones\npara que el gobierno entienda la necesidad del apoyo, ello pese al riesgo al\nque expongan su integridad f\u00edsica debido a la pandemia.<\/p>\n\n\n\n<p>Agradecieron el respaldo anunciado por\nel Gobierno del Estado, sin embargo, aseguran que no ser\u00e1 suficiente ya que se\nhabla de un apoyo de mil 500 pesos mensuales, el cual de ninguna manera servir\u00e1\npara atender las necesidades de las familias de cada uno de los choferes.<\/p>\n\n\n\n<p>Por lo anterior, tambi\u00e9n hicieron la petici\u00f3n al gobierno federal a fin de que este apoye a las personas f\u00edsicas con actividad comercial y peque\u00f1as empresas que se sostienen con el producto de su trabajo diario, profesional y honrado.<\/p>\n\n\n\n<figure class=\"wp-block-image\"><img decoding=\"async\" width=\"1024\" height=\"576\" src=\"http:\/\/www.zonaroja.com.mx\/wp-content\/uploads\/2020\/04\/c0c99c6a-b74d-4da7-bccd-1bfd85c40f78-1024x576.jpg\" alt=\"\" class=\"wp-image-11139\" srcset=\"https:\/\/zonaroja.com.mx\/wp-content\/uploads\/2020\/04\/c0c99c6a-b74d-4da7-bccd-1bfd85c40f78-1024x576.jpg 1024w, https:\/\/zonaroja.com.mx\/wp-content\/uploads\/2020\/04\/c0c99c6a-b74d-4da7-bccd-1bfd85c40f78-300x169.jpg 300w, https:\/\/zonaroja.com.mx\/wp-content\/uploads\/2020\/04\/c0c99c6a-b74d-4da7-bccd-1bfd85c40f78-768x432.jpg 768w, https:\/\/zonaroja.com.mx\/wp-content\/uploads\/2020\/04\/c0c99c6a-b74d-4da7-bccd-1bfd85c40f78-585x329.jpg 585w, https:\/\/zonaroja.com.mx\/wp-content\/uploads\/2020\/04\/c0c99c6a-b74d-4da7-bccd-1bfd85c40f78.jpg 1032w\" sizes=\"(max-width: 1024px) 100vw, 1024px\" \/><\/figure>\n\n\n\n<p>TAMBI\u00c9N GANADEROS<\/p>\n\n\n\n<p>Tambi\u00e9n esta ma\u00f1ana, pero en Santo\nDomingo Barrio Bajo, en el municipio de Villa de Etla, vendedores de ganado de\ndistintos municipios cercanos se manifestaron para protestar por el cierre del\nbaratillo, donde expenden sus animales de traspatio y ganados.<\/p>\n\n\n\n<p>\u201cTenemos la necesidad de bajar los\nanimales, porque venderlos es la \u00fanica forma que tenemos de tener ingresos, si\nno, qu\u00e9 llevamos a la casa; si no, c\u00f3mo vamos a sobrevivir, nuestra familia qu\u00e9\nvan a comer.<\/p>\n\n\n\n<p>\u201cReconocemos que existe la enfermedad,\nque hay una enfermedad fuerte, pero no nos va a matar el hambre, si la\nautoridad no hace presencia, qu\u00e9 podemos hacer; todos tenemos la necesidad de\nllevar el pan a la casa\u201d, dijo uno de los campesinos y ganaderos, quien dijo\nque lo \u00fanico que piden es que dejen trabajar a unos 300 vendedores.<\/p>\n\n\n\n<p>En tanto, la agente municipal Rosa Alba\nP\u00e9rez, inform\u00f3 que el cierre fue por indicaciones de la autoridad municipal y\nlos gobiernos estatal y federal, con la finalidad de evitar concentraciones\nmasivas y en consecuencia la propagaci\u00f3n del coronavirus.<\/p>\n","protected":false},"excerpt":{"rendered":"<p>Evlin Arag\u00f3n\/Zona Roja. Oaxaca de Ju\u00e1rez, Oax., 15 de abril de 2020.- Afiliados a la&hellip;<\/p>\n","protected":false},"author":2,"featured_media":11138,"comment_status":"closed","ping_status":"open","sticky":false,"template":"","format":"standard","meta":{"_lmt_disableupdate":"","_lmt_disable":"","_jetpack_memberships_contains_paid_content":false,"footnotes":""},"categories":[109,47],"tags":[1512],"class_list":["post-11137","post","type-post","status-publish","format-standard","has-post-thumbnail","hentry","category-minuto-a-minuto","category-zona-gris","tag-coronavirus-oaxaca"],"jetpack_featured_media_url":"https:\/\/zonaroja.com.mx\/wp-content\/uploads\/2020\/04\/1ab4cf31-ff3c-4de7-a627-c17892081769.jpg","jetpack_sharing_enabled":true,"_links":{"self":[{"href":"https:\/\/zonaroja.com.mx\/index.php?rest_route=\/wp\/v2\/posts\/11137","targetHints":{"allow":["GET"]}}],"collection":[{"href":"https:\/\/zonaroja.com.mx\/index.php?rest_route=\/wp\/v2\/posts"}],"about":[{"href":"https:\/\/zonaroja.com.mx\/index.php?rest_route=\/wp\/v2\/types\/post"}],"author":[{"embeddable":true,"href":"https:\/\/zonaroja.com.mx\/index.php?rest_route=\/wp\/v2\/users\/2"}],"replies":[{"embeddable":true,"href":"https:\/\/zonaroja.com.mx\/index.php?rest_route=%2Fwp%2Fv2%2Fcomments&post=11137"}],"version-history":[{"count":1,"href":"https:\/\/zonaroja.com.mx\/index.php?rest_route=\/wp\/v2\/posts\/11137\/revisions"}],"predecessor-version":[{"id":11140,"href":"https:\/\/zonaroja.com.mx\/index.php?rest_route=\/wp\/v2\/posts\/11137\/revisions\/11140"}],"wp:featuredmedia":[{"embeddable":true,"href":"https:\/\/zonaroja.com.mx\/index.php?rest_route=\/wp\/v2\/media\/11138"}],"wp:attachment":[{"href":"https:\/\/zonaroja.com.mx\/index.php?rest_route=%2Fwp%2Fv2%2Fmedia&parent=11137"}],"wp:term":[{"taxonomy":"category","embeddable":true,"href":"https:\/\/zonaroja.com.mx\/index.php?rest_route=%2Fwp%2Fv2%2Fcategories&post=11137"},{"taxonomy":"post_tag","embeddable":true,"href":"https:\/\/zonaroja.com.mx\/index.php?rest_route=%2Fwp%2Fv2%2Ftags&post=11137"}],"curies":[{"name":"wp","href":"https:\/\/api.w.org\/{rel}","templated":true}]}}