{"id":11147,"date":"2020-04-15T14:44:14","date_gmt":"2020-04-15T19:44:14","guid":{"rendered":"http:\/\/www.zonaroja.com.mx\/?p=11147"},"modified":"2020-04-15T14:44:17","modified_gmt":"2020-04-15T19:44:17","slug":"aprueba-congreso-de-oaxaca-sancionar-a-quien-agreda-a-personal-medico","status":"publish","type":"post","link":"https:\/\/zonaroja.com.mx\/?p=11147","title":{"rendered":"Aprueba Congreso de Oaxaca sancionar a quien agreda a personal m\u00e9dico"},"content":{"rendered":"\n<p>Redacci\u00f3n\/Zona Roja.<\/p>\n\n\n\n<p>Oaxaca de Ju\u00e1rez, Oax., 15 de abril de\n2020.- Por mayor\u00eda y en sesi\u00f3n ordinaria, el pleno de la 64 Legislatura del\nCongreso del Estado de Oaxaca aprob\u00f3 modificaciones al C\u00f3digo Penal, para\nsancionar a quienes agredan al personal m\u00e9dico.<\/p>\n\n\n\n<p>En particular, las sanciones se\nincrementar\u00e1n cuando el ataque ocurra durante la emergencia sanitaria, como la\nque vive el pa\u00eds por el virus Covid-19, y cuyas sanciones podr\u00edan ser de hasta\nnueve a\u00f1os de prisi\u00f3n.<\/p>\n\n\n\n<p>La iniciativa de decreto fue avalada por\ntodas las fracciones parlamentarias del Congreso local.<\/p>\n\n\n\n<p>Explica que las conductas dolosas que se\ncometan en contra del personal m\u00e9dico del sector p\u00fablico que presta sus\nservicios en Oaxaca en un contexto de emergencia sanitaria, sean sancionadas\ncon una pena m\u00e1s dura que cuando se cometan en un contexto ordinario, al ser\nconsiderados como servidores p\u00fablicos. <\/p>\n\n\n\n<p>Para ello, propuso &#8211;y se aprob\u00f3&#8211; adicionar\nun tercer p\u00e1rrafo al art\u00edculo 412 Bis del C\u00f3digo Penal para el Estado Libre y\nSoberano de Oaxaca, recorri\u00e9ndose los subsecuentes p\u00e1rrafos:<\/p>\n\n\n\n<p>DECRETO<\/p>\n\n\n\n<p>ART\u00cdCULO \u00daNICO: Se modifica la\ndenominaci\u00f3n del Cap\u00edtulo IV del T\u00edtulo Cuarto del Libro Segundo, se adiciona\nel art\u00edculo 187 Bis y, se le adiciona un tercer p\u00e1rrafo al art\u00edculo 412 Bis\nrecorri\u00e9ndose los subsecuentes, del C\u00f3digo Penal para el Estado Libre y\nSoberano de Oaxaca; para quedar en los siguientes t\u00e9rminos:<\/p>\n\n\n\n<p>LIBRO SEGUNDO<\/p>\n\n\n\n<p>Delitos cometidos contra servidores y\nfuncionarios p\u00fablicos.<\/p>\n\n\n\n<p>ART\u00cdCULO 187.- Al que cometa un delito\nen contra de un servidor o funcionario p\u00fablico o agente de la autoridad en el\nacto de ejercer l\u00edcitamente sus funciones, o con motivo de ellas, se le\naplicar\u00e1n de tres d\u00edas a tres a\u00f1os de prisi\u00f3n, adem\u00e1s de la que le corresponda\npor el delito cometido.<\/p>\n\n\n\n<p>ART\u00cdCULO 187 Bis.- Cuando las conductas\na que se refiere el art\u00edculo anterior, sean cometidas en contra de cualquier\nservidor p\u00fablico que pertenezca al Sistema Estatal de Salud durante el per\u00edodo\nque comprenda la declaraci\u00f3n de una emergencia sanitaria, la pena de prisi\u00f3n\ndeber\u00e1 aumentarse hasta en tres a\u00f1os m\u00e1s, adem\u00e1s de la que le corresponda por\nel delito cometido.<\/p>\n\n\n\n<p>ART\u00cdCULO 412 Bis. &#8230;<\/p>\n\n\n\n<p>I. a V. \u2026<\/p>\n\n\n\n<p>\u2026<\/p>\n\n\n\n<p>Cuando las conductas a que se refiere\neste art\u00edculo sean cometidas en contra de m\u00e9dicos, cirujanos, personal de\nenfermer\u00eda y dem\u00e1s profesionistas similares y auxiliares o de cualquier\npersonal de salud del sector privado o p\u00fablico que presten sus servicios en el\nEstado, durante el per\u00edodo que comprenda la declaraci\u00f3n de una emergencia\nsanitaria, la pena de prisi\u00f3n se incrementar\u00e1 en una mitad o de doscientos\nveinticinco a cuatrocientos cincuenta d\u00edas de trabajo a favor de la comunidad y\nhasta cuatrocientos d\u00edas multa.<\/p>\n\n\n\n<p>Al servidor p\u00fablico que, por las razones\nprevistas en el primer p\u00e1rrafo de este art\u00edculo, niegue o retarde a una persona\nun tr\u00e1mite, servicio o prestaci\u00f3n a que tenga derecho se le aumentar\u00e1 en una\nmitad la pena prevista en el segundo p\u00e1rrafo del presente art\u00edculo, y adem\u00e1s se\nle impondr\u00e1 destituci\u00f3n e inhabilitaci\u00f3n para el desempe\u00f1o de cualquier cargo,\nempleo o comisi\u00f3n p\u00fablicos, por el mismo lapso de la privaci\u00f3n de la libertad\nimpuesta.<\/p>\n\n\n\n<p>No ser\u00e1n consideradas discriminatorias\ntodas aquellas medidas tendientes a la protecci\u00f3n de los grupos socialmente\ndesfavorecidos.<\/p>\n\n\n\n<p>Cuando las conductas a que se refiere este\nart\u00edculo sean cometidas por persona con la que la v\u00edctima tenga una relaci\u00f3n de\nsubordinaci\u00f3n laboral, la pena se incrementar\u00e1 en una mitad.<\/p>\n\n\n\n<p>Asimismo, se incrementar\u00e1 en una mitad\nla pena cuando los actos discriminatorios limiten el acceso a las garant\u00edas\njur\u00eddicas indispensables para la protecci\u00f3n de todos los derechos humanos. Este\ndelito se perseguir\u00e1 por querella.<\/p>\n\n\n\n<p>De acuerdo con el contexto del decreto\navalado, \u201cconsideramos que las conductas dolosas de ataques a la integridad y\ndiscriminaci\u00f3n cometidas en contra del personal m\u00e9dico de los sectores p\u00fablico\ny privado, que conforme al art\u00edculo 5 de la Ley Estatal de Salud constituyen el\nSistema Estatal de Salud, son un desvalor que poseen un hecho t\u00edpico contrario\na las normas de derecho en general, por lo que son reprochables.<\/p>\n\n\n\n<p>\u201cToda vez que es deber del Estado\ntutelar la salud como un bien p\u00fablico, as\u00ed como garantizar el derecho humano a\nla salud de todas y todos los habitantes de Oaxaca, a trav\u00e9s de la debida\ndiligencia.<\/p>\n\n\n\n<p>\u201cLa necesidad de tipificar estas\nconductas dolosas, surge de la funci\u00f3n relevante que desempe\u00f1an los\nprofesionales de la medicina en el contexto de pandemia, porque es un hecho\nnotorio que en Oaxaca tenemos un Sistema Estatal de Salud insuficiente, que se\npuede ver desbordado por la magnitud de la pandemia, lo que afectar\u00eda m\u00e1s\ngravemente a quienes viven en la pobreza y quienes no tienen cobertura m\u00e9dica,\nen caso que necesiten atenci\u00f3n m\u00e9dica u hospitalizaci\u00f3n\u201d, expone.<\/p>\n","protected":false},"excerpt":{"rendered":"<p>Redacci\u00f3n\/Zona Roja. Oaxaca de Ju\u00e1rez, Oax., 15 de abril de 2020.- Por mayor\u00eda y en&hellip;<\/p>\n","protected":false},"author":2,"featured_media":11148,"comment_status":"closed","ping_status":"open","sticky":false,"template":"","format":"standard","meta":{"_lmt_disableupdate":"","_lmt_disable":"","_jetpack_memberships_contains_paid_content":false,"footnotes":""},"categories":[109,46],"tags":[213],"class_list":["post-11147","post","type-post","status-publish","format-standard","has-post-thumbnail","hentry","category-minuto-a-minuto","category-zona-blanca","tag-64-legislatura-de-oaxaca"],"jetpack_featured_media_url":"https:\/\/zonaroja.com.mx\/wp-content\/uploads\/2020\/04\/Congreso-de-Oax.jpg","jetpack_sharing_enabled":true,"_links":{"self":[{"href":"https:\/\/zonaroja.com.mx\/index.php?rest_route=\/wp\/v2\/posts\/11147","targetHints":{"allow":["GET"]}}],"collection":[{"href":"https:\/\/zonaroja.com.mx\/index.php?rest_route=\/wp\/v2\/posts"}],"about":[{"href":"https:\/\/zonaroja.com.mx\/index.php?rest_route=\/wp\/v2\/types\/post"}],"author":[{"embeddable":true,"href":"https:\/\/zonaroja.com.mx\/index.php?rest_route=\/wp\/v2\/users\/2"}],"replies":[{"embeddable":true,"href":"https:\/\/zonaroja.com.mx\/index.php?rest_route=%2Fwp%2Fv2%2Fcomments&post=11147"}],"version-history":[{"count":1,"href":"https:\/\/zonaroja.com.mx\/index.php?rest_route=\/wp\/v2\/posts\/11147\/revisions"}],"predecessor-version":[{"id":11149,"href":"https:\/\/zonaroja.com.mx\/index.php?rest_route=\/wp\/v2\/posts\/11147\/revisions\/11149"}],"wp:featuredmedia":[{"embeddable":true,"href":"https:\/\/zonaroja.com.mx\/index.php?rest_route=\/wp\/v2\/media\/11148"}],"wp:attachment":[{"href":"https:\/\/zonaroja.com.mx\/index.php?rest_route=%2Fwp%2Fv2%2Fmedia&parent=11147"}],"wp:term":[{"taxonomy":"category","embeddable":true,"href":"https:\/\/zonaroja.com.mx\/index.php?rest_route=%2Fwp%2Fv2%2Fcategories&post=11147"},{"taxonomy":"post_tag","embeddable":true,"href":"https:\/\/zonaroja.com.mx\/index.php?rest_route=%2Fwp%2Fv2%2Ftags&post=11147"}],"curies":[{"name":"wp","href":"https:\/\/api.w.org\/{rel}","templated":true}]}}