{"id":11153,"date":"2020-04-15T17:47:03","date_gmt":"2020-04-15T22:47:03","guid":{"rendered":"http:\/\/www.zonaroja.com.mx\/?p=11153"},"modified":"2020-04-15T18:03:01","modified_gmt":"2020-04-15T23:03:01","slug":"covid-19-avanza-por-22-municipios-de-oaxaca-libre-la-canada","status":"publish","type":"post","link":"https:\/\/zonaroja.com.mx\/?p=11153","title":{"rendered":"Covid-19 avanza por 22 municipios de Oaxaca; libre, la Ca\u00f1ada"},"content":{"rendered":"\n<p>Yuridiana Sosa\/Zona Roja.<\/p>\n\n\n\n<p>Oaxaca de Ju\u00e1rez, Oax., 15 de abril de\n2020.- Los contagios por Covid-19 se extienden en la entidad por 22 municipios\nen siete de las ocho regiones de Oaxaca; s\u00f3lo la Ca\u00f1ada est\u00e1 libre de casos hasta\nel momento.<\/p>\n\n\n\n<p>En el transcurso de un mes, desde el 14\nde marzo cuando se registraron los primeros casos de coronavirus en la entidad,\nal 14 de abril, 46 personas han sido diagnosticadas con el virus, es decir, en\npromedio cada d\u00eda se registr\u00f3 1.5 casos.<\/p>\n\n\n\n<p>Mientras que las muertes relacionadas\ncon el coronavirus se han registrado en las \u00faltimas dos semanas, las cuales\nascendieron a cinco este martes, de acuerdo con el reporte t\u00e9cnico diario de\nlos Servicios de Salud de Oaxaca (SSO).<\/p>\n\n\n\n<p>A la fecha la zona metropolitana en la\nregi\u00f3n de los Valles Centrales es la que presenta mayor afectaci\u00f3n por los\ncontagios. Tan s\u00f3lo los municipios de esta regi\u00f3n central del estado\nrepresentan el 78 por ciento de los casos totales en el estado, con 36\npositivos.<\/p>\n\n\n\n<p>El municipio de Oaxaca de Ju\u00e1rez\ncontabiliza 12 casos; Magdalena Apasco, seis; tres en Santa Mar\u00eda Atzompa y\nSanta Cruz Xoxocotl\u00e1n, respectivamente; Santa Luc\u00eda del Camino, San Antonio de\nla Cal, dos cada uno.<\/p>\n\n\n\n<p>En tanto que con un caso se mantiene San\nPablo Huitzo, Santiago Suchilquitongo, Santa Mar\u00eda El Tule, \u00c1nimas Trujano, San\nSebasti\u00e1n Teitipac, San Bartolo Coyotepec y Ci\u00e9nega Zimatl\u00e1n.<\/p>\n\n\n\n<p>Los datos abiertos de la Secretar\u00eda de Salud del gobierno de M\u00e9xico tambi\u00e9n exponen los contagios en la regi\u00f3n Mixteca, donde se han registrados casos en Asunci\u00f3n Nochixtl\u00e1n, Huajuapan de Le\u00f3n y Villa de Tamazul\u00e1pam del Progreso.  De la Sierra Norte no se tiene el dato del lugar de un contagiado.<\/p>\n\n\n\n<p>En la regi\u00f3n de la Costa, Santa Mar\u00eda\nHuatulco present\u00f3 dos casos; en el Istmo, la Heroica Ciudad de Zaragoza, iguala\nen n\u00fameros. Mientras que en la regi\u00f3n del Papapalopan, se registr\u00f3 un caso en\nSan Miguel Soyaltepec y en la Sierra Sur, otro en Mesones Hidalgo y en San\nMateo R\u00edo Hondo, con su agencia de San Jos\u00e9 del Pac\u00edfico.<\/p>\n\n\n\n<p>Las muertes que se han registrado, seg\u00fan\ndatos de los SSO, se concentran en Valles Centrales, con dos casos; uno en la\nCosta, en el municipio de Santa Mar\u00eda Huatulco; uno en la Mixteca, en Huajuapan\ny uno m\u00e1s en el Istmo de Tehuantepec, en el municipio de Juchit\u00e1n.<\/p>\n\n\n\n<p>El rango de edades de los afectados es\nvariable y va de los 21 a\u00f1os a los 73 a\u00f1os de edad.<\/p>\n","protected":false},"excerpt":{"rendered":"<p>Yuridiana Sosa\/Zona Roja. Oaxaca de Ju\u00e1rez, Oax., 15 de abril de 2020.- Los contagios por&hellip;<\/p>\n","protected":false},"author":2,"featured_media":11154,"comment_status":"closed","ping_status":"open","sticky":false,"template":"","format":"standard","meta":{"_lmt_disableupdate":"","_lmt_disable":"","_jetpack_memberships_contains_paid_content":false,"footnotes":""},"categories":[109,47],"tags":[1512],"class_list":["post-11153","post","type-post","status-publish","format-standard","has-post-thumbnail","hentry","category-minuto-a-minuto","category-zona-gris","tag-coronavirus-oaxaca"],"jetpack_featured_media_url":"https:\/\/zonaroja.com.mx\/wp-content\/uploads\/2020\/04\/Covid19.jpg","jetpack_sharing_enabled":true,"_links":{"self":[{"href":"https:\/\/zonaroja.com.mx\/index.php?rest_route=\/wp\/v2\/posts\/11153","targetHints":{"allow":["GET"]}}],"collection":[{"href":"https:\/\/zonaroja.com.mx\/index.php?rest_route=\/wp\/v2\/posts"}],"about":[{"href":"https:\/\/zonaroja.com.mx\/index.php?rest_route=\/wp\/v2\/types\/post"}],"author":[{"embeddable":true,"href":"https:\/\/zonaroja.com.mx\/index.php?rest_route=\/wp\/v2\/users\/2"}],"replies":[{"embeddable":true,"href":"https:\/\/zonaroja.com.mx\/index.php?rest_route=%2Fwp%2Fv2%2Fcomments&post=11153"}],"version-history":[{"count":2,"href":"https:\/\/zonaroja.com.mx\/index.php?rest_route=\/wp\/v2\/posts\/11153\/revisions"}],"predecessor-version":[{"id":11156,"href":"https:\/\/zonaroja.com.mx\/index.php?rest_route=\/wp\/v2\/posts\/11153\/revisions\/11156"}],"wp:featuredmedia":[{"embeddable":true,"href":"https:\/\/zonaroja.com.mx\/index.php?rest_route=\/wp\/v2\/media\/11154"}],"wp:attachment":[{"href":"https:\/\/zonaroja.com.mx\/index.php?rest_route=%2Fwp%2Fv2%2Fmedia&parent=11153"}],"wp:term":[{"taxonomy":"category","embeddable":true,"href":"https:\/\/zonaroja.com.mx\/index.php?rest_route=%2Fwp%2Fv2%2Fcategories&post=11153"},{"taxonomy":"post_tag","embeddable":true,"href":"https:\/\/zonaroja.com.mx\/index.php?rest_route=%2Fwp%2Fv2%2Ftags&post=11153"}],"curies":[{"name":"wp","href":"https:\/\/api.w.org\/{rel}","templated":true}]}}