{"id":11162,"date":"2020-04-15T21:28:12","date_gmt":"2020-04-16T02:28:12","guid":{"rendered":"http:\/\/www.zonaroja.com.mx\/?p=11162"},"modified":"2020-04-15T21:28:15","modified_gmt":"2020-04-16T02:28:15","slug":"la-violencia-homicida-se-va-a-la-costa-dos-ejecutados-y-un-descuartizado","status":"publish","type":"post","link":"https:\/\/zonaroja.com.mx\/?p=11162","title":{"rendered":"La violencia homicida se va a la Costa: dos ejecutados y un descuartizado"},"content":{"rendered":"\n<p>Ismael Garc\u00eda M.\/Zona Roja.<\/p>\n\n\n\n<p>Oaxaca de Ju\u00e1rez, Oax., 15 de abril de\n2020.- La violencia homicida se traslad\u00f3 este mi\u00e9rcoles a la regi\u00f3n de la Costa\nde Oaxaca, donde se registraron dos ejecuciones y el hallazgo de un cuerpo\ndescuartizado, en hechos distintos.<\/p>\n\n\n\n<p>El primer hecho se registr\u00f3 en Santiago\nPinotepa Nacional durante la madrugada de hoy, en que fue ultimado el\npropietario de diversos bares, identificado como Antonio C. M., de\naproximadamente 50 a\u00f1os de edad.<\/p>\n\n\n\n<p>Los hechos sucedieron en la colonia 5 de\nMayo y no se tiene reportes de personas detenidas.<\/p>\n\n\n\n<p>Posteriormente en San Andr\u00e9s\nHuaxpaltepec fue ejecutado un individuo que en vida respondi\u00f3 al nombre de C\u00e9sar\nC., con el sobrenombre de \u201cLuchi\u201d; los hechos sucedieron en el interior del\nmercado de esa comunidad coste\u00f1a y el o los agresores lograron darse a la fuga.<\/p>\n\n\n\n<p>Mientras tanto alrededor del mediod\u00eda,\nen jurisdicci\u00f3n de Santa Rosa de Lima, municipio de Villa de Tututepec, fueron\nhalladas dos bolsas de pl\u00e1stico conteniendo restos humanos; en una se hallaron\nextremidades inferiores y en otra parte del tronco del cuerpo.<\/p>\n\n\n\n<p>En tanto, polic\u00edas y agentes estatales\nde investigaci\u00f3n peinaron la zona para buscar la cabeza, que hasta esta noche\nno se localizaba.<\/p>\n\n\n\n<p>Los restos fueron llevados al pante\u00f3n municipal de San Jos\u00e9 del Progreso, Tututepec, y en esta caso tampoco se tiene conocimiento de detenciones.<\/p>\n\n\n\n<figure class=\"wp-block-image\"><img decoding=\"async\" width=\"768\" height=\"1024\" src=\"http:\/\/www.zonaroja.com.mx\/wp-content\/uploads\/2020\/04\/Descuartizado-Costa-2-768x1024.jpg\" alt=\"\" class=\"wp-image-11164\" srcset=\"https:\/\/zonaroja.com.mx\/wp-content\/uploads\/2020\/04\/Descuartizado-Costa-2-768x1024.jpg 768w, https:\/\/zonaroja.com.mx\/wp-content\/uploads\/2020\/04\/Descuartizado-Costa-2-225x300.jpg 225w, https:\/\/zonaroja.com.mx\/wp-content\/uploads\/2020\/04\/Descuartizado-Costa-2-585x780.jpg 585w, https:\/\/zonaroja.com.mx\/wp-content\/uploads\/2020\/04\/Descuartizado-Costa-2.jpg 780w\" sizes=\"(max-width: 768px) 100vw, 768px\" \/><\/figure>\n\n\n\n<p>ASALTOS VIOLENTOS<\/p>\n\n\n\n<p>Por otra parte, en la capital oaxaque\u00f1a\ny zona conurbada se registraron al menos cinco asaltos, dos de ellos a tiendas\nOxxo.<\/p>\n\n\n\n<p>Uno de ellos fue en la calle El Sabino\nde Santa Cruz Xoxocotl\u00e1n, donde dos hombres y una mujer a bordo de un veh\u00edculo\nasaltaron a un transe\u00fante, lo lesionaron con un arma blanca y le robaron\naproximadamente mil 600 pesos y su tel\u00e9fono celular.<\/p>\n\n\n\n<p>Tambi\u00e9n por Xoxocotl\u00e1n pero en la carretera\nde cuatro carriles hacia la Villa de Zaachila, se registr\u00f3 una persecusi\u00f2n\npoliciaca en contra de varios presuntos delincuentes, que reci\u00e9n hab\u00edan\nasaltado un cami\u00f3n repartidor; finalmente abandonaron su veh\u00edculo y lograron\ndarse a la fuga.<\/p>\n\n\n\n<p>Los asaltos a las tiendas Oxxo\nocurrieron uno en la colonia Adolfo L\u00f3pez Mateos, en la agencia de Santa Rosa\nPanzacola, ciudad de Oaxaca, y otro en inmediaciones de Santa Cruz Xoxocotl\u00e1n.<\/p>\n\n\n\n<p>Tambi\u00e9n en la capital oaxaque\u00f1a pero en\nla colonia La Joya, se desat\u00f3 una persecuci\u00f3n en contra de probables\ndelincuentes, logrando atrapar la Agencia Estatal de Investigaciones a dos de\nellos. <\/p>\n\n\n\n<p>Mientras tanto en San Juan Bautista\nTuxtepec se registr\u00f3 el asanto armado a una tienda de materiales conocida como \u201cRinoacero\u201d,\nubicada en el bulevar Benito Ju\u00e1rez de dicha ciudad de la regi\u00f3n de la Cuenca.<\/p>\n\n\n\n<p>Tambi\u00e9n en el mismo municipio se report\u00f3\nla desaparici\u00f3n y probable secuestro de una estudiante de la Universidad del\nPapaloapan, de nombre Itzel Gonz\u00e1les; hasta esta noche no se sabe nada de ella.<\/p>\n","protected":false},"excerpt":{"rendered":"<p>Ismael Garc\u00eda M.\/Zona Roja. Oaxaca de Ju\u00e1rez, Oax., 15 de abril de 2020.- La violencia&hellip;<\/p>\n","protected":false},"author":2,"featured_media":11163,"comment_status":"closed","ping_status":"open","sticky":false,"template":"","format":"standard","meta":{"_lmt_disableupdate":"","_lmt_disable":"","_jetpack_memberships_contains_paid_content":false,"footnotes":""},"categories":[109,51],"tags":[],"class_list":["post-11162","post","type-post","status-publish","format-standard","has-post-thumbnail","hentry","category-minuto-a-minuto","category-zona-roja"],"jetpack_featured_media_url":"https:\/\/zonaroja.com.mx\/wp-content\/uploads\/2020\/04\/Descuartizado-Costa-1.jpg","jetpack_sharing_enabled":true,"_links":{"self":[{"href":"https:\/\/zonaroja.com.mx\/index.php?rest_route=\/wp\/v2\/posts\/11162","targetHints":{"allow":["GET"]}}],"collection":[{"href":"https:\/\/zonaroja.com.mx\/index.php?rest_route=\/wp\/v2\/posts"}],"about":[{"href":"https:\/\/zonaroja.com.mx\/index.php?rest_route=\/wp\/v2\/types\/post"}],"author":[{"embeddable":true,"href":"https:\/\/zonaroja.com.mx\/index.php?rest_route=\/wp\/v2\/users\/2"}],"replies":[{"embeddable":true,"href":"https:\/\/zonaroja.com.mx\/index.php?rest_route=%2Fwp%2Fv2%2Fcomments&post=11162"}],"version-history":[{"count":1,"href":"https:\/\/zonaroja.com.mx\/index.php?rest_route=\/wp\/v2\/posts\/11162\/revisions"}],"predecessor-version":[{"id":11165,"href":"https:\/\/zonaroja.com.mx\/index.php?rest_route=\/wp\/v2\/posts\/11162\/revisions\/11165"}],"wp:featuredmedia":[{"embeddable":true,"href":"https:\/\/zonaroja.com.mx\/index.php?rest_route=\/wp\/v2\/media\/11163"}],"wp:attachment":[{"href":"https:\/\/zonaroja.com.mx\/index.php?rest_route=%2Fwp%2Fv2%2Fmedia&parent=11162"}],"wp:term":[{"taxonomy":"category","embeddable":true,"href":"https:\/\/zonaroja.com.mx\/index.php?rest_route=%2Fwp%2Fv2%2Fcategories&post=11162"},{"taxonomy":"post_tag","embeddable":true,"href":"https:\/\/zonaroja.com.mx\/index.php?rest_route=%2Fwp%2Fv2%2Ftags&post=11162"}],"curies":[{"name":"wp","href":"https:\/\/api.w.org\/{rel}","templated":true}]}}