{"id":11166,"date":"2020-04-15T21:50:24","date_gmt":"2020-04-16T02:50:24","guid":{"rendered":"http:\/\/www.zonaroja.com.mx\/?p=11166"},"modified":"2020-04-15T21:50:26","modified_gmt":"2020-04-16T02:50:26","slug":"artistas-aportan-su-talento-y-exigen-aguaparaayutlaya","status":"publish","type":"post","link":"https:\/\/zonaroja.com.mx\/?p=11166","title":{"rendered":"Artistas aportan su talento y exigen #AguaParaAyutlaYa"},"content":{"rendered":"\n<p>Evlin Arag\u00f3n\/Zona Roja.<\/p>\n\n\n\n<p>Oaxaca de Ju\u00e1rez, Oax., 15 de abril de\n2020.- Decenas de artistas se unieron este mi\u00e9rcoles a trav\u00e9s de las redes\nsociales para exigir que se restablezca el servicio de agua potable en el\nmunicipio de San Pedro y San Pablo Ayutla, que pese a la emergencia sanitaria,\nno cuenta con el vital l\u00edquido, situaci\u00f3n que padecen desde hace tres a\u00f1os.<\/p>\n\n\n\n<p>Lo hicieron desde el arte con ilustraciones\nde todo tipo, en las que evidencian la carencia de agua y la necesidad urgente\nde que las autoridades del Gobierno del Estado restablezcan la conexi\u00f3n al\nmanantial que surte a la localidad y cuyas tuber\u00edas fueron dinamitadas en 2017,\ndebido a un conflicto con habitantes de Tamazul\u00e1pam del Esp\u00edritu Santo.<\/p>\n\n\n\n<p>La ling\u00fcista e incansable activista en defensa de los derechos de los pueblos y comunidades ind\u00edgenas, Y\u00e1snaya Elena Aguilar Gil, reconoci\u00f3 la iniciativa y asegur\u00f3 a trav\u00e9s de sus redes sociales que la exigencia se mantiene desde hace m\u00e1s de mil d\u00edas en los que el gobierno no ha querido atender el llamado de la comunidad.<\/p>\n\n\n\n<figure class=\"wp-block-image\"><img decoding=\"async\" width=\"1024\" height=\"1024\" src=\"http:\/\/www.zonaroja.com.mx\/wp-content\/uploads\/2020\/04\/Agua-para-Ayutla-2-1024x1024.jpg\" alt=\"\" class=\"wp-image-11168\" srcset=\"https:\/\/zonaroja.com.mx\/wp-content\/uploads\/2020\/04\/Agua-para-Ayutla-2-1024x1024.jpg 1024w, https:\/\/zonaroja.com.mx\/wp-content\/uploads\/2020\/04\/Agua-para-Ayutla-2-150x150.jpg 150w, https:\/\/zonaroja.com.mx\/wp-content\/uploads\/2020\/04\/Agua-para-Ayutla-2-300x300.jpg 300w, https:\/\/zonaroja.com.mx\/wp-content\/uploads\/2020\/04\/Agua-para-Ayutla-2-768x768.jpg 768w, https:\/\/zonaroja.com.mx\/wp-content\/uploads\/2020\/04\/Agua-para-Ayutla-2-1170x1170.jpg 1170w, https:\/\/zonaroja.com.mx\/wp-content\/uploads\/2020\/04\/Agua-para-Ayutla-2-585x585.jpg 585w, https:\/\/zonaroja.com.mx\/wp-content\/uploads\/2020\/04\/Agua-para-Ayutla-2-640x640.jpg 640w, https:\/\/zonaroja.com.mx\/wp-content\/uploads\/2020\/04\/Agua-para-Ayutla-2.jpg 1280w\" sizes=\"(max-width: 1024px) 100vw, 1024px\" \/><\/figure>\n\n\n\n<p>Llamado que se ha hecho por varias v\u00edas\nsin resultados favorables y por el contrario, la administraci\u00f3n de Alejandro\nMurat Hinojosa ha emitido justificaciones legales, que han sido refutadas por\nlas y los habitantes de la zona quienes aseguran que los amparos existentes no\nlimitan la reconexi\u00f3n del servicio del agua y \u00fanicamente buscan salvaguardar\nsus recursos.<\/p>\n\n\n\n<p>La organizaci\u00f3n defensora de derechos C\u00f3digo\nDH demand\u00f3 una coordinaci\u00f3n institucional efectiva entre el gobierno federal y\nestatal que derive en la atenci\u00f3n real de la carencia de agua en Ayutla, con la\nparticipaci\u00f3n de Conagua, Semarnat y la Secretar\u00eda de Gobernaci\u00f3n.<\/p>\n\n\n\n<p>Record\u00f3 que en agosto del 2019 acudieron\na la localidad para documentar la problem\u00e1tica, la cual afecta a decenas de\nfamilias, de forma particular en estos momentos de contingencia sanitaria por\nlo que exigieron la reconexi\u00f3n para facilitar las labores preventivas por la\npandemia.<\/p>\n\n\n\n<p>A la iniciativa de realizar ilustraciones se unieron artistas de la talla de Juan Villoro y Julieta Venegas, quienes entre muchos m\u00e1s llamaron a las autoridades para realizar las acciones necesarias que garanticen el derecho al agua que por ley tienen las y los habitantes de Ayutla.<\/p>\n\n\n\n<figure class=\"wp-block-image\"><img decoding=\"async\" width=\"1024\" height=\"1024\" src=\"http:\/\/www.zonaroja.com.mx\/wp-content\/uploads\/2020\/04\/Agua-para-Ayutla-1-1024x1024.jpg\" alt=\"\" class=\"wp-image-11169\" srcset=\"https:\/\/zonaroja.com.mx\/wp-content\/uploads\/2020\/04\/Agua-para-Ayutla-1-1024x1024.jpg 1024w, https:\/\/zonaroja.com.mx\/wp-content\/uploads\/2020\/04\/Agua-para-Ayutla-1-150x150.jpg 150w, https:\/\/zonaroja.com.mx\/wp-content\/uploads\/2020\/04\/Agua-para-Ayutla-1-300x300.jpg 300w, https:\/\/zonaroja.com.mx\/wp-content\/uploads\/2020\/04\/Agua-para-Ayutla-1-768x768.jpg 768w, https:\/\/zonaroja.com.mx\/wp-content\/uploads\/2020\/04\/Agua-para-Ayutla-1-1170x1170.jpg 1170w, https:\/\/zonaroja.com.mx\/wp-content\/uploads\/2020\/04\/Agua-para-Ayutla-1-585x585.jpg 585w, https:\/\/zonaroja.com.mx\/wp-content\/uploads\/2020\/04\/Agua-para-Ayutla-1-640x640.jpg 640w, https:\/\/zonaroja.com.mx\/wp-content\/uploads\/2020\/04\/Agua-para-Ayutla-1.jpg 1280w\" sizes=\"(max-width: 1024px) 100vw, 1024px\" \/><\/figure>\n\n\n\n<p>\u201cHay muchos modos de propiciar\ngenocidios y ecocidios, sitiar a una comunidad cort\u00e1ndole el acceso al agua es\nuna de ellas, si Ayutla pasa m\u00e1s d\u00edas sin agua ni sabremos hasta donde puedan\naguantar\u201d, cita una de las muchas ilustraciones compartidas a trav\u00e9s del\ntwitter.<\/p>\n\n\n\n<p>\u201cAyutla vive una crisis humanitaria\nenfrent\u00e1ndose al Covid-19 sin acceso a agua potable. Resulta crucial que este\nderecho, interrumpido desde el 2017, se restablezca ya\u201d, refiere uno m\u00e1s.<\/p>\n\n\n\n<p>Cabe se\u00f1alar que en cada uno de los\ndise\u00f1os se etiquet\u00f3 al gobernador del estado, Alejandro Murat Hinojosa, la\nsecretaria de Gobernaci\u00f3n, Olga S\u00e1nchez Cordero, as\u00ed como a las instancias de la\nComisi\u00f3n Nacional de Derechos Humanos y la Comisi\u00f3n Nacional del Agua.<\/p>\n\n\n\n<p>A inicios de este mes se realiz\u00f3 un tuitazo por medio del cual se busc\u00f3 posicionar el hashtag #AguaParaAyutlaYa, a fin de obtener respuesta por parte de las autoridades estatales, mientras que este d\u00eda se desarroll\u00f3 de forma exitosa la intervenci\u00f3n de artistas para reclamar el derecho de la localidad a gozar del agua.<\/p>\n\n\n\n<figure class=\"wp-block-image\"><img decoding=\"async\" width=\"801\" height=\"1024\" src=\"http:\/\/www.zonaroja.com.mx\/wp-content\/uploads\/2020\/04\/Agua-para-Ayutla-4-801x1024.jpg\" alt=\"\" class=\"wp-image-11171\" srcset=\"https:\/\/zonaroja.com.mx\/wp-content\/uploads\/2020\/04\/Agua-para-Ayutla-4.jpg 801w, https:\/\/zonaroja.com.mx\/wp-content\/uploads\/2020\/04\/Agua-para-Ayutla-4-235x300.jpg 235w, https:\/\/zonaroja.com.mx\/wp-content\/uploads\/2020\/04\/Agua-para-Ayutla-4-768x982.jpg 768w, https:\/\/zonaroja.com.mx\/wp-content\/uploads\/2020\/04\/Agua-para-Ayutla-4-585x748.jpg 585w\" sizes=\"(max-width: 801px) 100vw, 801px\" \/><\/figure>\n","protected":false},"excerpt":{"rendered":"<p>Evlin Arag\u00f3n\/Zona Roja. Oaxaca de Ju\u00e1rez, Oax., 15 de abril de 2020.- Decenas de artistas&hellip;<\/p>\n","protected":false},"author":2,"featured_media":11167,"comment_status":"closed","ping_status":"open","sticky":false,"template":"","format":"standard","meta":{"_lmt_disableupdate":"","_lmt_disable":"","_jetpack_memberships_contains_paid_content":false,"footnotes":""},"categories":[109,47],"tags":[1623,501],"class_list":["post-11166","post","type-post","status-publish","format-standard","has-post-thumbnail","hentry","category-minuto-a-minuto","category-zona-gris","tag-aguaparaayutlaya","tag-san-pedro-y-san-pablo-ayutla-mixe"],"jetpack_featured_media_url":"https:\/\/zonaroja.com.mx\/wp-content\/uploads\/2020\/04\/Agua-para-Ayutla-3.jpg","jetpack_sharing_enabled":true,"_links":{"self":[{"href":"https:\/\/zonaroja.com.mx\/index.php?rest_route=\/wp\/v2\/posts\/11166","targetHints":{"allow":["GET"]}}],"collection":[{"href":"https:\/\/zonaroja.com.mx\/index.php?rest_route=\/wp\/v2\/posts"}],"about":[{"href":"https:\/\/zonaroja.com.mx\/index.php?rest_route=\/wp\/v2\/types\/post"}],"author":[{"embeddable":true,"href":"https:\/\/zonaroja.com.mx\/index.php?rest_route=\/wp\/v2\/users\/2"}],"replies":[{"embeddable":true,"href":"https:\/\/zonaroja.com.mx\/index.php?rest_route=%2Fwp%2Fv2%2Fcomments&post=11166"}],"version-history":[{"count":1,"href":"https:\/\/zonaroja.com.mx\/index.php?rest_route=\/wp\/v2\/posts\/11166\/revisions"}],"predecessor-version":[{"id":11172,"href":"https:\/\/zonaroja.com.mx\/index.php?rest_route=\/wp\/v2\/posts\/11166\/revisions\/11172"}],"wp:featuredmedia":[{"embeddable":true,"href":"https:\/\/zonaroja.com.mx\/index.php?rest_route=\/wp\/v2\/media\/11167"}],"wp:attachment":[{"href":"https:\/\/zonaroja.com.mx\/index.php?rest_route=%2Fwp%2Fv2%2Fmedia&parent=11166"}],"wp:term":[{"taxonomy":"category","embeddable":true,"href":"https:\/\/zonaroja.com.mx\/index.php?rest_route=%2Fwp%2Fv2%2Fcategories&post=11166"},{"taxonomy":"post_tag","embeddable":true,"href":"https:\/\/zonaroja.com.mx\/index.php?rest_route=%2Fwp%2Fv2%2Ftags&post=11166"}],"curies":[{"name":"wp","href":"https:\/\/api.w.org\/{rel}","templated":true}]}}