{"id":11173,"date":"2020-04-15T22:24:09","date_gmt":"2020-04-16T03:24:09","guid":{"rendered":"http:\/\/www.zonaroja.com.mx\/?p=11173"},"modified":"2020-04-15T22:24:12","modified_gmt":"2020-04-16T03:24:12","slug":"agreden-a-enfermera-en-oaxaca-por-creer-que-portaba-coronavirus","status":"publish","type":"post","link":"https:\/\/zonaroja.com.mx\/?p=11173","title":{"rendered":"Agreden a enfermera en Oaxaca por creer que portaba coronavirus"},"content":{"rendered":"\n<p>Redacci\u00f3n\/Zona Roja.<\/p>\n\n\n\n<p>Oaxaca de Ju\u00e1rez, Oax., 15 de abril de\n2020.- Una enfermera fue agredida anoche en inmediaciones de la Central de\nAbasto de la ciudad de Oaxaca, por considerar que era portadora del coronavirus\ny podr\u00eda contagiar a otros.<\/p>\n\n\n\n<p>La v\u00edctima es prestadora de servicio del\nCentro de Salud y Servicios Ampliados (CESSA) &#8211;dependiente de los Servicios de\nSalud de Oaxaca&#8211;, del municipio San Jacinto Amilpas, conurbado a la capital.<\/p>\n\n\n\n<p>La informaci\u00f3n la compartieron sus\ncompa\u00f1eras en la red social Facebook, en que indicaron que anoche aproximadamente\na las 19:10 horas agredieron a la pasante de enfermer\u00eda en la parada de\nautobuses del transporte urbano, justo en el cruce del puente peatonal, en el\nPerif\u00e9rico.<\/p>\n\n\n\n<p>La mujer se dirig\u00eda a su centro de\ntrabajo cuando fue atacada verbal y f\u00edsicamente por un individuo de\naproximadamente 40 a\u00f1os de edad, porque \u00abiba contagiada de coronavirus\u201d y\nque por eso contagiar\u00eda a otras personas.<\/p>\n\n\n\n<p>As\u00ed mismo, le dijo a la enfermera que \u201cdeber\u00eda\nde estar en el hospital y no en la calle\u00bb. <\/p>\n\n\n\n<p>A lo que respetuosamente ella le\nrespondi\u00f3 qu\u00e9 estaban para brindarles los servicios de salud y as\u00ed mismo se\nest\u00e1 realizando todo para poder ayudar a las personas.<\/p>\n\n\n\n<p>Entonces el sujeto la tom\u00f3 del cabello\nhaci\u00e9ndole fuertes movimientos provoc\u00e1ndole un esguince en el cuello; \u201cpero lo\nm\u00e1s lamentable y triste es que nadie pudo auxiliarla, curiosamente el \u00e1rea es\nun espacio tan concurrido por personas, polic\u00edas viales y municipales, pero\nnadie pudo evitar este hecho desagradable y violento\u201d, refiere la publicaci\u00f3n.<\/p>\n\n\n\n<p>Posteriormente fue llevada al Hospital\nCivil \u201cDr. Aurelio Valdivieso\u201d, donde personal del nosocomio inform\u00f3 del caso a\nla Fiscal\u00eda General del Estado de Oaxaca; sin embargo, no se present\u00f3 ning\u00fan\nrepresentante ministerial. <\/p>\n\n\n\n<p>\u201cAmigos y conocidos, \u00bfrealmente creen\nque vamos por la vida tratando de afectarlos? \u00bfCreen qu\u00e9 es justo para una\ncompa\u00f1era qu\u00e9 solo iba a prestar sus servicios en medio de todo este caos?<\/p>\n\n\n\n<p>\u201cCompa\u00f1eros del sector salud, extremen\nmedidas, manteng\u00e1monos unidos; tengan much\u00edsimo cuidado, \u00a1ya no es seguro salir\na las calles con uniforme!\u201d, cierra la publicaci\u00f3n.<\/p>\n","protected":false},"excerpt":{"rendered":"<p>Redacci\u00f3n\/Zona Roja. Oaxaca de Ju\u00e1rez, Oax., 15 de abril de 2020.- Una enfermera fue agredida&hellip;<\/p>\n","protected":false},"author":2,"featured_media":11174,"comment_status":"closed","ping_status":"open","sticky":false,"template":"","format":"standard","meta":{"_lmt_disableupdate":"","_lmt_disable":"","_jetpack_memberships_contains_paid_content":false,"footnotes":""},"categories":[109,47],"tags":[1512],"class_list":["post-11173","post","type-post","status-publish","format-standard","has-post-thumbnail","hentry","category-minuto-a-minuto","category-zona-gris","tag-coronavirus-oaxaca"],"jetpack_featured_media_url":"https:\/\/zonaroja.com.mx\/wp-content\/uploads\/2020\/04\/Enfermera.png","jetpack_sharing_enabled":true,"_links":{"self":[{"href":"https:\/\/zonaroja.com.mx\/index.php?rest_route=\/wp\/v2\/posts\/11173","targetHints":{"allow":["GET"]}}],"collection":[{"href":"https:\/\/zonaroja.com.mx\/index.php?rest_route=\/wp\/v2\/posts"}],"about":[{"href":"https:\/\/zonaroja.com.mx\/index.php?rest_route=\/wp\/v2\/types\/post"}],"author":[{"embeddable":true,"href":"https:\/\/zonaroja.com.mx\/index.php?rest_route=\/wp\/v2\/users\/2"}],"replies":[{"embeddable":true,"href":"https:\/\/zonaroja.com.mx\/index.php?rest_route=%2Fwp%2Fv2%2Fcomments&post=11173"}],"version-history":[{"count":1,"href":"https:\/\/zonaroja.com.mx\/index.php?rest_route=\/wp\/v2\/posts\/11173\/revisions"}],"predecessor-version":[{"id":11175,"href":"https:\/\/zonaroja.com.mx\/index.php?rest_route=\/wp\/v2\/posts\/11173\/revisions\/11175"}],"wp:featuredmedia":[{"embeddable":true,"href":"https:\/\/zonaroja.com.mx\/index.php?rest_route=\/wp\/v2\/media\/11174"}],"wp:attachment":[{"href":"https:\/\/zonaroja.com.mx\/index.php?rest_route=%2Fwp%2Fv2%2Fmedia&parent=11173"}],"wp:term":[{"taxonomy":"category","embeddable":true,"href":"https:\/\/zonaroja.com.mx\/index.php?rest_route=%2Fwp%2Fv2%2Fcategories&post=11173"},{"taxonomy":"post_tag","embeddable":true,"href":"https:\/\/zonaroja.com.mx\/index.php?rest_route=%2Fwp%2Fv2%2Ftags&post=11173"}],"curies":[{"name":"wp","href":"https:\/\/api.w.org\/{rel}","templated":true}]}}