{"id":11190,"date":"2020-04-16T11:52:53","date_gmt":"2020-04-16T16:52:53","guid":{"rendered":"http:\/\/www.zonaroja.com.mx\/?p=11190"},"modified":"2020-04-16T16:28:11","modified_gmt":"2020-04-16T21:28:11","slug":"mata-elemento-de-la-aei-a-un-integrante-de-elite-de-la-policia-estatal","status":"publish","type":"post","link":"https:\/\/zonaroja.com.mx\/?p=11190","title":{"rendered":"Mata elemento de la AEI a un integrante de \u00e9lite de la Polic\u00eda Estatal"},"content":{"rendered":"\n<p>Ismael Garc\u00eda M.\/Zona Roja.<\/p>\n\n\n\n<p>ACTUALIZACI\u00d3N<\/p>\n\n\n\n<p>Oaxaca de Ju\u00e1rez, Oax., 16 de abril de\n2020.- Un integrante de la Unidad Policial de Operaciones Especiales (UPOE),\ndependiente de la Polic\u00eda Estatal, Secretar\u00eda de Seguridad P\u00fablica de Oaxaca,\nfue asesinado anoche, presuntamente por elementos de la Agencia Estatal de\nInvestigaciones (AEI), de la Fiscal\u00eda General del Estado.<\/p>\n\n\n\n<p>De acuerdo con los primeros reportes, el ataque armado ocurri\u00f3 alrededor de las una de la ma\u00f1ana en jurisdicci\u00f3n de San Pedro Ixtlahuaca, municipio conurbado a la capital del estado, donde vecinos reportaron disparos de arma de fuego.<\/p>\n\n\n\n<p>El herido,  Refugio G\u00fcilebaldo Guzm\u00e1n L\u00e1zcarez , fue llevado al Hospital Civil \u00abDr. Aurelio Valdivieso\u00bb de la ciudad de Oaxaca, donde perdi\u00f3 la vida durante la madrugada debido a la gravedad de las heridas.<\/p>\n\n\n\n<p>El polic\u00eda de \u00e9lite estaba asignado como escolta del titular del Secretariado Ejecutivo de Seguridad P\u00fablica de Oaxaca, Jos\u00e9 Manuel Vera Salinas.<\/p>\n\n\n\n<p>Esta ma\u00f1ana, en un comunicado el\nGobierno del Estado confirm\u00f3 el fallecimiento:<\/p>\n\n\n\n<p>\u201cLa Secretar\u00eda de Seguridad P\u00fablica de\nOaxaca (SSPO) confirm\u00f3 el fallecimiento de un elemento de la Unidad Policial de\nOperaciones Especiales (UPOE), en inmediaciones de San Pedro Ixtlahuaca.<\/p>\n\n\n\n<p>\u201cLos hechos ocurrieron la madrugada de\neste jueves 16 de abril, cuando el integrante de la UPOE, identificado como R.\nW. G. L., lamentablemente fue alcanzado por un proyectil de arma de fuego;\nderivado de ello perdi\u00f3 la vida durante el trasladado para su atenci\u00f3n m\u00e9dica.<\/p>\n\n\n\n<p>\u201cPor estos hechos, ser\u00e1n las autoridades correspondientes las que determinen la participaci\u00f3n y responsabilidades de las personas presuntamente implicadas\u201d, refiere.<\/p>\n\n\n\n<p>La Agencia Estatal de Investigaciones y la Fiscal\u00eda General del Estado han guardado hermetismo respecto a la identidad del presunto o los presuntos homicidas del polic\u00eda estatal.<\/p>\n\n\n\n<p>Mediante un bolet\u00edn de prensa, la Fiscal\u00eda s\u00f3lo inform\u00f3 que se dio inicio a la Carpeta de Investigaci\u00f3n  12857\/FVCE\/OAXACA\/2020  y que fue \u00aben el marco de acciones para ejecutar una orden de aprehensi\u00f3n por parte de elementos de la Agencia Estatal de Investigaciones.<\/p>\n\n\n\n<p>\u00abDurante las primeras diligencias se ha se\u00f1alado que este hecho deriv\u00f3 de un intercambio de disparos, resultando herido el integrante de la UPOE, quien minutos despu\u00e9s perdi\u00f3 la vida cuando recib\u00eda atenci\u00f3n m\u00e9dica en el Instituto Mexicano del Seguro Social\u00bb.<\/p>\n\n\n\n<p><\/p>\n","protected":false},"excerpt":{"rendered":"<p>Ismael Garc\u00eda M.\/Zona Roja. ACTUALIZACI\u00d3N Oaxaca de Ju\u00e1rez, Oax., 16 de abril de 2020.- Un&hellip;<\/p>\n","protected":false},"author":2,"featured_media":11192,"comment_status":"closed","ping_status":"open","sticky":false,"template":"","format":"standard","meta":{"_lmt_disableupdate":"","_lmt_disable":"","_jetpack_memberships_contains_paid_content":false,"footnotes":""},"categories":[109,51],"tags":[1624],"class_list":["post-11190","post","type-post","status-publish","format-standard","has-post-thumbnail","hentry","category-minuto-a-minuto","category-zona-roja","tag-unidad-policial-de-operaciones-especiales-upoe"],"jetpack_featured_media_url":"https:\/\/zonaroja.com.mx\/wp-content\/uploads\/2020\/04\/Refugio-Guilebaldo-Guzm\u00e1n.jpg","jetpack_sharing_enabled":true,"_links":{"self":[{"href":"https:\/\/zonaroja.com.mx\/index.php?rest_route=\/wp\/v2\/posts\/11190","targetHints":{"allow":["GET"]}}],"collection":[{"href":"https:\/\/zonaroja.com.mx\/index.php?rest_route=\/wp\/v2\/posts"}],"about":[{"href":"https:\/\/zonaroja.com.mx\/index.php?rest_route=\/wp\/v2\/types\/post"}],"author":[{"embeddable":true,"href":"https:\/\/zonaroja.com.mx\/index.php?rest_route=\/wp\/v2\/users\/2"}],"replies":[{"embeddable":true,"href":"https:\/\/zonaroja.com.mx\/index.php?rest_route=%2Fwp%2Fv2%2Fcomments&post=11190"}],"version-history":[{"count":2,"href":"https:\/\/zonaroja.com.mx\/index.php?rest_route=\/wp\/v2\/posts\/11190\/revisions"}],"predecessor-version":[{"id":11199,"href":"https:\/\/zonaroja.com.mx\/index.php?rest_route=\/wp\/v2\/posts\/11190\/revisions\/11199"}],"wp:featuredmedia":[{"embeddable":true,"href":"https:\/\/zonaroja.com.mx\/index.php?rest_route=\/wp\/v2\/media\/11192"}],"wp:attachment":[{"href":"https:\/\/zonaroja.com.mx\/index.php?rest_route=%2Fwp%2Fv2%2Fmedia&parent=11190"}],"wp:term":[{"taxonomy":"category","embeddable":true,"href":"https:\/\/zonaroja.com.mx\/index.php?rest_route=%2Fwp%2Fv2%2Fcategories&post=11190"},{"taxonomy":"post_tag","embeddable":true,"href":"https:\/\/zonaroja.com.mx\/index.php?rest_route=%2Fwp%2Fv2%2Ftags&post=11190"}],"curies":[{"name":"wp","href":"https:\/\/api.w.org\/{rel}","templated":true}]}}