{"id":11201,"date":"2020-04-16T16:43:40","date_gmt":"2020-04-16T21:43:40","guid":{"rendered":"http:\/\/www.zonaroja.com.mx\/?p=11201"},"modified":"2020-04-16T16:43:45","modified_gmt":"2020-04-16T21:43:45","slug":"incendio-devasto-600-hectareas-en-la-mixteca-hay-8-mas-activos","status":"publish","type":"post","link":"https:\/\/zonaroja.com.mx\/?p=11201","title":{"rendered":"Incendio devast\u00f3 600 hect\u00e1reas en la Mixteca; hay 8 m\u00e1s activos"},"content":{"rendered":"\n<p>Yuridiana Sosa\/Zona Roja.<\/p>\n\n\n\n<p>Oaxaca de Ju\u00e1rez, Oax., 16 de abril de\n2020.- El incendio que abarc\u00f3 territorios de los municipios mixtecos de Santos\nReyes Tepejillo, Santiago Juxtlahuaca, San Juan Mixtepec y San Miguel\nTlacotepec, arras\u00f3 con 600 hect\u00e1reas de \u00e1reas verdes, en su mayor\u00eda constituidas\npor bosque de pino.<\/p>\n\n\n\n<p>El director de la Comisi\u00f3n Estatal\nForestal (Coesfo), Aar\u00f3n Ju\u00e1rez, indic\u00f3 que la conflagraci\u00f3n se finiquit\u00f3 el\nmartes pasado luego de casi una semana de comenzar, los cual tambi\u00e9n fue\nposible por el combate a\u00e9reo con m\u00e1s de 100 descargas de agua.<\/p>\n\n\n\n<p>Hasta este jueves, la Coesfo tiene el\nregistro de 104 incendios forestales en la entidad, de los que 93 ya fueron\nliquidados, ocho se mantienen activos y tres controlados, con una superficie\nsiniestrada de dos mil 500 hect\u00e1reas, aproximadamente.<\/p>\n\n\n\n<p>Los incidentes se mantienen en seis de\nlas ocho regiones de la entidad, a excepci\u00f3n de Valles Centrales y Cuenca del\nPapaloapan.<\/p>\n\n\n\n<p>Las comunidades afectadas son Llano\nGrande del municipio de Santa Mar\u00eda Temaxcaltepec, en la regi\u00f3n de la Costa,\ndonde tambi\u00e9n se registra un evento en el Parque Nacional Chacahua, en Villa de\nTututepec.<\/p>\n\n\n\n<p>En la regi\u00f3n Ca\u00f1ada las llamas afectan\nla comunidad de La Cumbre, de Santos Reyes P\u00e1palo; en la Sierra Sur las\nafectaciones son en Paso Ancho, en Villa Sola de Vega, y otro m\u00e1s en San Pablo\nTopiltepec, agencia municipal de San Carlos Yautepec.<\/p>\n\n\n\n<p>La Coesfo report\u00f3 que tambi\u00e9n existen\nconflagraciones en Cabeza R\u00edo Milagro, de Santa Mar\u00eda Chimalapa, en el Istmo;\nSan Bartolom\u00e9 Ayutla y en Ter\u00e1n y La Lagunilla, en el municipio de Santa\nCatarina Yosonotu, en la regi\u00f3n Mixteca. <\/p>\n\n\n\n<p>El combate en estas comunidades contin\u00faa\npor parte de las brigadas de la Coesfo y ayuda de las autoridades locales\ncomunitarias.<\/p>\n","protected":false},"excerpt":{"rendered":"<p>Yuridiana Sosa\/Zona Roja. Oaxaca de Ju\u00e1rez, Oax., 16 de abril de 2020.- El incendio que&hellip;<\/p>\n","protected":false},"author":2,"featured_media":11202,"comment_status":"closed","ping_status":"open","sticky":false,"template":"","format":"standard","meta":{"_lmt_disableupdate":"","_lmt_disable":"","_jetpack_memberships_contains_paid_content":false,"footnotes":""},"categories":[109,47],"tags":[1255],"class_list":["post-11201","post","type-post","status-publish","format-standard","has-post-thumbnail","hentry","category-minuto-a-minuto","category-zona-gris","tag-comision-estatal-forestal-de-oaxaca"],"jetpack_featured_media_url":"https:\/\/zonaroja.com.mx\/wp-content\/uploads\/2020\/04\/incedio.jpg","jetpack_sharing_enabled":true,"_links":{"self":[{"href":"https:\/\/zonaroja.com.mx\/index.php?rest_route=\/wp\/v2\/posts\/11201","targetHints":{"allow":["GET"]}}],"collection":[{"href":"https:\/\/zonaroja.com.mx\/index.php?rest_route=\/wp\/v2\/posts"}],"about":[{"href":"https:\/\/zonaroja.com.mx\/index.php?rest_route=\/wp\/v2\/types\/post"}],"author":[{"embeddable":true,"href":"https:\/\/zonaroja.com.mx\/index.php?rest_route=\/wp\/v2\/users\/2"}],"replies":[{"embeddable":true,"href":"https:\/\/zonaroja.com.mx\/index.php?rest_route=%2Fwp%2Fv2%2Fcomments&post=11201"}],"version-history":[{"count":1,"href":"https:\/\/zonaroja.com.mx\/index.php?rest_route=\/wp\/v2\/posts\/11201\/revisions"}],"predecessor-version":[{"id":11203,"href":"https:\/\/zonaroja.com.mx\/index.php?rest_route=\/wp\/v2\/posts\/11201\/revisions\/11203"}],"wp:featuredmedia":[{"embeddable":true,"href":"https:\/\/zonaroja.com.mx\/index.php?rest_route=\/wp\/v2\/media\/11202"}],"wp:attachment":[{"href":"https:\/\/zonaroja.com.mx\/index.php?rest_route=%2Fwp%2Fv2%2Fmedia&parent=11201"}],"wp:term":[{"taxonomy":"category","embeddable":true,"href":"https:\/\/zonaroja.com.mx\/index.php?rest_route=%2Fwp%2Fv2%2Fcategories&post=11201"},{"taxonomy":"post_tag","embeddable":true,"href":"https:\/\/zonaroja.com.mx\/index.php?rest_route=%2Fwp%2Fv2%2Ftags&post=11201"}],"curies":[{"name":"wp","href":"https:\/\/api.w.org\/{rel}","templated":true}]}}