{"id":11214,"date":"2020-04-16T20:03:20","date_gmt":"2020-04-17T01:03:20","guid":{"rendered":"http:\/\/www.zonaroja.com.mx\/?p=11214"},"modified":"2020-04-16T20:03:22","modified_gmt":"2020-04-17T01:03:22","slug":"seccion-22-se-pronuncia-vs-ataques-a-personal-medico-y-despidos-injustificados","status":"publish","type":"post","link":"https:\/\/zonaroja.com.mx\/?p=11214","title":{"rendered":"Secci\u00f3n 22 se pronuncia vs. ataques a personal m\u00e9dico y despidos injustificados"},"content":{"rendered":"\n<p>Yuridiana Sosa\/Zona Roja.<\/p>\n\n\n\n<p>Oaxaca de Ju\u00e1rez, Oax., 16 de abril de\n2020.- La Secci\u00f3n 22 adherida a la Coordinadora Nacional de Trabajadores de la\nEducaci\u00f3n (CNTE) manifest\u00f3 su rechazo a las agresiones que el personal m\u00e9dico\nha recibido frente la contingencia por el Covid-19, por quienes tambi\u00e9n\ndemandaron condiciones laborales dignas.<\/p>\n\n\n\n<p>La gremial tambi\u00e9n se posicion\u00f3 contra\nlos despidos injustificados que se registran en los distintos sectores\necon\u00f3micos en las \u00faltimas semanas como consecuencia del coronavirus por las\nrestricciones para las diferentes actividades.<\/p>\n\n\n\n<p>Enfatiz\u00f3 que la direcci\u00f3n seccional se\nmantendr\u00e1 vigilante del cumplimiento de los derechos laborales y de\nprestaciones para los trabajadores de la educaci\u00f3n frente a las distintas\nautoridades, tanto estatales como federales.<\/p>\n\n\n\n<p>Tras casi un mes de la suspensi\u00f3n de\nclases y ante el nuevo anuncio de la Secretar\u00eda de Salud del gobierno de M\u00e9xico\nsobre la prolongaci\u00f3n de la jornada nacional de \u201cSana distancia\u201d entre el 17 y\nel 30 de mayo, la gremial asegur\u00f3 que a\u00fan no existen fechas para el regreso de\nclases.<\/p>\n\n\n\n<p>Pero indic\u00f3 que, con base a experiencias\nde otras situaciones, en las que tambi\u00e9n han perdido clases, se establecer\u00e1n\nlos mecanismos pedag\u00f3gicos para la recuperaci\u00f3n de contenidos necesarios.<\/p>\n\n\n\n<p>La Comisi\u00f3n Pol\u00edtica de la Secci\u00f3n 22 de\nla CNTE llam\u00f3 a sus a reportar ante sus estructuras seccionales cualquier\nincidencia de salud que presenten con relaci\u00f3n a la contingencia sanitaria.<\/p>\n","protected":false},"excerpt":{"rendered":"<p>Yuridiana Sosa\/Zona Roja. Oaxaca de Ju\u00e1rez, Oax., 16 de abril de 2020.- La Secci\u00f3n 22&hellip;<\/p>\n","protected":false},"author":2,"featured_media":3891,"comment_status":"closed","ping_status":"open","sticky":false,"template":"","format":"standard","meta":{"_lmt_disableupdate":"","_lmt_disable":"","_jetpack_memberships_contains_paid_content":false,"footnotes":""},"categories":[109,47],"tags":[1512],"class_list":["post-11214","post","type-post","status-publish","format-standard","has-post-thumbnail","hentry","category-minuto-a-minuto","category-zona-gris","tag-coronavirus-oaxaca"],"jetpack_featured_media_url":"https:\/\/zonaroja.com.mx\/wp-content\/uploads\/2019\/09\/cnte2.jpg","jetpack_sharing_enabled":true,"_links":{"self":[{"href":"https:\/\/zonaroja.com.mx\/index.php?rest_route=\/wp\/v2\/posts\/11214","targetHints":{"allow":["GET"]}}],"collection":[{"href":"https:\/\/zonaroja.com.mx\/index.php?rest_route=\/wp\/v2\/posts"}],"about":[{"href":"https:\/\/zonaroja.com.mx\/index.php?rest_route=\/wp\/v2\/types\/post"}],"author":[{"embeddable":true,"href":"https:\/\/zonaroja.com.mx\/index.php?rest_route=\/wp\/v2\/users\/2"}],"replies":[{"embeddable":true,"href":"https:\/\/zonaroja.com.mx\/index.php?rest_route=%2Fwp%2Fv2%2Fcomments&post=11214"}],"version-history":[{"count":1,"href":"https:\/\/zonaroja.com.mx\/index.php?rest_route=\/wp\/v2\/posts\/11214\/revisions"}],"predecessor-version":[{"id":11215,"href":"https:\/\/zonaroja.com.mx\/index.php?rest_route=\/wp\/v2\/posts\/11214\/revisions\/11215"}],"wp:featuredmedia":[{"embeddable":true,"href":"https:\/\/zonaroja.com.mx\/index.php?rest_route=\/wp\/v2\/media\/3891"}],"wp:attachment":[{"href":"https:\/\/zonaroja.com.mx\/index.php?rest_route=%2Fwp%2Fv2%2Fmedia&parent=11214"}],"wp:term":[{"taxonomy":"category","embeddable":true,"href":"https:\/\/zonaroja.com.mx\/index.php?rest_route=%2Fwp%2Fv2%2Fcategories&post=11214"},{"taxonomy":"post_tag","embeddable":true,"href":"https:\/\/zonaroja.com.mx\/index.php?rest_route=%2Fwp%2Fv2%2Ftags&post=11214"}],"curies":[{"name":"wp","href":"https:\/\/api.w.org\/{rel}","templated":true}]}}