{"id":11219,"date":"2020-04-16T22:13:56","date_gmt":"2020-04-17T03:13:56","guid":{"rendered":"http:\/\/www.zonaroja.com.mx\/?p=11219"},"modified":"2020-04-16T22:13:59","modified_gmt":"2020-04-17T03:13:59","slug":"a-casi-un-mes-equipo-donado-por-fahho-sin-entregar-a-sector-salud","status":"publish","type":"post","link":"https:\/\/zonaroja.com.mx\/?p=11219","title":{"rendered":"A casi un mes, equipo donado por FAHHO sin entregar a sector salud"},"content":{"rendered":"\n<p>Yuridiana Sosa\/Zona Roja.<\/p>\n\n\n\n<p>Oaxaca de Ju\u00e1rez, Oax., 16 de abril de\n2020.- Trabajadores del Hospital Regional \u201cPresidente Ju\u00e1rez\u201d del ISSSTE, de la\ncapital del estado, denunciaron que a\u00fan no reciben los equipos m\u00e9dicos de\nprotecci\u00f3n que don\u00f3 la Fundaci\u00f3n Alfredo Harp Hel\u00fa Oaxaca (FAHHO).<\/p>\n\n\n\n<p>El pasado 26 de marzo, el fil\u00e1ntropo\nAlfredo Harp anunci\u00f3 que donaron al Gobierno del Estado material para proteger\nal personal de las instituciones de salud de Oaxaca para combatir el Covid-19.<\/p>\n\n\n\n<p>Pero a casi un mes del hecho, los\ntrabajadores de este nosocomio desconocen qu\u00e9 ha pasado con esos equipos, pues\nno tienen ning\u00fan tipo de informaci\u00f3n al respecto, por lo que siguen enfrentando\nla pandemia con carencias.<\/p>\n\n\n\n<p>La Fundaci\u00f3n inform\u00f3 que la entrega\nconsist\u00eda en un lote de dos mil 822 overoles; cuatro mil 500 mascarillas N95;\ndos mil 146 googles, tres mil 776 pares de guates, que representan una\ninversi\u00f3n total de 986 mil 750 pesos.<\/p>\n\n\n\n<p>El acuerdo fue que el material ser\u00eda\ndistribuido entre el personal de los hospitales pertenecientes a la de la\nJurisdicci\u00f3n Sanitaria de los Valles Centrales, como es el Hospital Civil \u201cDr.\nAurelio Valdivieso\u201d; Hospital de la Ni\u00f1ez Oaxaque\u00f1a \u201cDr. Guillermo Z\u00e1rate\nMijangos\u201d, Laboratorio Estatal de Salud P\u00fablica y el Hospital de la Mujer y\nNi\u00f1o Oaxaque\u00f1o.<\/p>\n\n\n\n<p>Adem\u00e1s del Hospital Militar, Hospital\nGeneral de Zona 1 del Instituto Mexicano del Seguro Social, Hospital \u201cPresidente\nJu\u00e1rez\u201d del ISSSTE.<\/p>\n\n\n\n<p>A trav\u00e9s de su cuenta de Twitter, Alfredo\nHarp Hel\u00fa inform\u00f3: \u201cCuidemos al personal de salud. La @FundacionAHHO dona\nequipo de protecci\u00f3n a las instituciones de salud de Oaxaca que se esfuerzan\npor combatir el COVID-19. Nuestro agradecimiento al personal m\u00e9dico,\nadministrativo, recepci\u00f3n y enfermeros por su labor y entrega\u201d.<\/p>\n\n\n\n<p>De la misma forma, trabajadores del\nHospital Civil tambi\u00e9n han manifestado que no han recibido ni insumos ni\nequipos m\u00e9dicos de protecci\u00f3n o mec\u00e1nicos para hacer frente a la pandemia\nmundial.<\/p>\n\n\n\n<p>CONFIRMAN AGRAVIO<\/p>\n\n\n\n<p>Por otra parte, el personal m\u00e9dico del\nHospital Regional \u201cPresidente Ju\u00e1rez\u201d confirm\u00f3 que existi\u00f3 el agravio contra su\nsalud por parte del ex jefe de la Jurisdicci\u00f3n Sanitaria n\u00famero 2, de los\nServicios de Salud Oaxaca (SSO), Daniel L\u00f3pez Regalado, luego que \u00e9ste lo\nnegara.<\/p>\n\n\n\n<p>Los afectados recalcaron que el ex\nfuncionario del gobierno estatal, quien estuvo internado en ese nosocomio por\nal ser diagnosticado con Covid-19, tosi\u00f3 y escupi\u00f3 deliberadamente en agravio\nde quienes ofrecen sus servicios en ese espacio, y de otros pacientes.<\/p>\n\n\n\n<p>El ex jefe jurisdiccional fue el primer\ncaso confirmado en la regi\u00f3n del Istmo, pero recibi\u00f3 atenci\u00f3n en el hospital de\nlos Valles Centrales; adem\u00e1s, por decisi\u00f3n propia abandon\u00f3 el nosocomio por\nconsiderar desatenciones durante su internamiento.<\/p>\n\n\n\n<p>La Fiscal\u00eda General del Oaxaca anunci\u00f3\nque inici\u00f3 una carpeta de investigaci\u00f3n por el delito de \u201ccontagio\u201d.<\/p>\n","protected":false},"excerpt":{"rendered":"<p>Yuridiana Sosa\/Zona Roja. Oaxaca de Ju\u00e1rez, Oax., 16 de abril de 2020.- Trabajadores del Hospital&hellip;<\/p>\n","protected":false},"author":2,"featured_media":11220,"comment_status":"closed","ping_status":"open","sticky":false,"template":"","format":"standard","meta":{"_lmt_disableupdate":"","_lmt_disable":"","_jetpack_memberships_contains_paid_content":false,"footnotes":""},"categories":[109,47],"tags":[693],"class_list":["post-11219","post","type-post","status-publish","format-standard","has-post-thumbnail","hentry","category-minuto-a-minuto","category-zona-gris","tag-fundacion-alfredo-harp-helu"],"jetpack_featured_media_url":"https:\/\/zonaroja.com.mx\/wp-content\/uploads\/2020\/04\/Hospital-ISSSTE-Oaxaca.jpg","jetpack_sharing_enabled":true,"_links":{"self":[{"href":"https:\/\/zonaroja.com.mx\/index.php?rest_route=\/wp\/v2\/posts\/11219","targetHints":{"allow":["GET"]}}],"collection":[{"href":"https:\/\/zonaroja.com.mx\/index.php?rest_route=\/wp\/v2\/posts"}],"about":[{"href":"https:\/\/zonaroja.com.mx\/index.php?rest_route=\/wp\/v2\/types\/post"}],"author":[{"embeddable":true,"href":"https:\/\/zonaroja.com.mx\/index.php?rest_route=\/wp\/v2\/users\/2"}],"replies":[{"embeddable":true,"href":"https:\/\/zonaroja.com.mx\/index.php?rest_route=%2Fwp%2Fv2%2Fcomments&post=11219"}],"version-history":[{"count":1,"href":"https:\/\/zonaroja.com.mx\/index.php?rest_route=\/wp\/v2\/posts\/11219\/revisions"}],"predecessor-version":[{"id":11221,"href":"https:\/\/zonaroja.com.mx\/index.php?rest_route=\/wp\/v2\/posts\/11219\/revisions\/11221"}],"wp:featuredmedia":[{"embeddable":true,"href":"https:\/\/zonaroja.com.mx\/index.php?rest_route=\/wp\/v2\/media\/11220"}],"wp:attachment":[{"href":"https:\/\/zonaroja.com.mx\/index.php?rest_route=%2Fwp%2Fv2%2Fmedia&parent=11219"}],"wp:term":[{"taxonomy":"category","embeddable":true,"href":"https:\/\/zonaroja.com.mx\/index.php?rest_route=%2Fwp%2Fv2%2Fcategories&post=11219"},{"taxonomy":"post_tag","embeddable":true,"href":"https:\/\/zonaroja.com.mx\/index.php?rest_route=%2Fwp%2Fv2%2Ftags&post=11219"}],"curies":[{"name":"wp","href":"https:\/\/api.w.org\/{rel}","templated":true}]}}