{"id":11222,"date":"2020-04-17T07:45:52","date_gmt":"2020-04-17T12:45:52","guid":{"rendered":"http:\/\/www.zonaroja.com.mx\/?p=11222"},"modified":"2020-04-17T07:45:54","modified_gmt":"2020-04-17T12:45:54","slug":"endurecen-medidas-contra-covid-19-en-oaxaca-van-53-casos","status":"publish","type":"post","link":"https:\/\/zonaroja.com.mx\/?p=11222","title":{"rendered":"Endurecen medidas contra Covid-19 en Oaxaca; van 53 casos"},"content":{"rendered":"\n<p>Redacci\u00f3n\/Zona Roja.<\/p>\n\n\n\n<p>Oaxaca de Ju\u00e1rez, Oax., 17 de abril de\n2020.- Al incrementarse a 53 los casos de personas con Covid-19 y ante el\npr\u00f3ximo inicio de la Fase 3 de la pandemia, el gobierno de Oaxaca determin\u00f3\neste jueves incrementar las medidas de contenci\u00f3n.<\/p>\n\n\n\n<p>Entre estas destacan el uso obligatorio\nde cubrebocas una vez que inicie la tercera fase; la intensificaci\u00f3n de\nlimpieza y desinfecci\u00f3n de bancas met\u00e1licas y de concreto, as\u00ed como de pisos,\nbanquetas, jardineras, quioscos, bardas, entre otras acciones.<\/p>\n\n\n\n<p>M\u00e1s acciones de sanitizaci\u00f3n de unidades\ndel transporte p\u00fablico, y con las coordinaciones municipales de Protecci\u00f3n\nCivil de 384 ayuntamientos se trabaja en la limpieza de calles y espacios\np\u00fablicos, en la que tambi\u00e9n participan el Heroico Cuerpo de Bomberos y otras\ndependencias.<\/p>\n\n\n\n<p>M\u00c1S CASOS<\/p>\n\n\n\n<p>Por otra parte, los Servicios de Salud\nde Oaxaca (SSO) iniciaron anoche un ejercicio de informaci\u00f3n en conjunto con la\nCorporaci\u00f3n Oaxaque\u00f1a de Radio y Televisi\u00f3n (CORTV), para informar acerca del\ncoronavirus.<\/p>\n\n\n\n<p>Ah\u00ed, el titular de la dependencia,\nDonato Casas Escamilla, expuso que Oaxaca se ubica en el lugar n\u00famero 26 a\nnivel nacional por los 53 casos positivos por Covid-19 registrados, de los\ncuales cinco corresponden a defunciones.<\/p>\n\n\n\n<p>Se\u00f1al\u00f3 que 66 casos son sospechosos y\n347 han resultado negativos, lo que da un total de 466 notificaciones en la\nentidad.<\/p>\n\n\n\n<p>Detall\u00f3 que de los 53 casos positivos\nregistrados, 38 corresponden a la Jurisdicci\u00f3n Sanitaria de los Valles\nCentrales, seis en la Mixteca, tres en la Costa, dos en el Istmo, dos en\nTuxtepec, uno en la Sierra Norte y uno proveniente de Puebla.<\/p>\n\n\n\n<p>Casas Escamilla asever\u00f3 que el 46% de\nlos casos se han registrado en mujeres y el 54% en hombres; asimismo en el 84%\nde los casos, est\u00e1 enfermedad se ha presentado en una poblaci\u00f3n cuyo rango de\nedad va de los 20 a 64 a\u00f1os.<\/p>\n\n\n\n<p>ENTREGAN EQUIPOS<\/p>\n\n\n\n<p>Por otra parte, los SSO entregaron ayer cinco\nventiladores volum\u00e9tricos (LICV-100) al Hospital Regional de Alta Especialidad\nde Oaxaca (HRAEO), con los cuales permitir\u00e1n reforzar al sistema de salud de la\nentidad ante la contingencia sanitaria por la pandemia de COVID-19.<\/p>\n\n\n\n<p>Estos aparatos artificiales se suman a\nlos 78 que se tienen disponibles en el estado y corresponden a una primera\netapa; estrategia que se ampliar\u00e1 de acuerdo a la expansi\u00f3n del virus en la\nentidad, se inform\u00f3 en un comunicado.<\/p>\n\n\n\n<p>Los ventiladores cuentan con tecnolog\u00eda\nde punta; pantalla touch screen de 17 pulgadas altamente personalizables, con\ndespliegues simult\u00e1neos de hasta cinco gr\u00e1ficos o lazos y despliegue de 10\npar\u00e1metros num\u00e9ricos, configurables en todo momento y representan un soporte de\nvida para las y los pacientes que presenten etapas cr\u00edticas de este\npadecimiento.<\/p>\n","protected":false},"excerpt":{"rendered":"<p>Redacci\u00f3n\/Zona Roja. Oaxaca de Ju\u00e1rez, Oax., 17 de abril de 2020.- Al incrementarse a 53&hellip;<\/p>\n","protected":false},"author":2,"featured_media":11223,"comment_status":"closed","ping_status":"open","sticky":false,"template":"","format":"standard","meta":{"_lmt_disableupdate":"","_lmt_disable":"","_jetpack_memberships_contains_paid_content":false,"footnotes":""},"categories":[109,47],"tags":[1512],"class_list":["post-11222","post","type-post","status-publish","format-standard","has-post-thumbnail","hentry","category-minuto-a-minuto","category-zona-gris","tag-coronavirus-oaxaca"],"jetpack_featured_media_url":"https:\/\/zonaroja.com.mx\/wp-content\/uploads\/2020\/04\/SSO-GR\u00c1FICA-16-DE-ABRIL.jpeg","jetpack_sharing_enabled":true,"_links":{"self":[{"href":"https:\/\/zonaroja.com.mx\/index.php?rest_route=\/wp\/v2\/posts\/11222","targetHints":{"allow":["GET"]}}],"collection":[{"href":"https:\/\/zonaroja.com.mx\/index.php?rest_route=\/wp\/v2\/posts"}],"about":[{"href":"https:\/\/zonaroja.com.mx\/index.php?rest_route=\/wp\/v2\/types\/post"}],"author":[{"embeddable":true,"href":"https:\/\/zonaroja.com.mx\/index.php?rest_route=\/wp\/v2\/users\/2"}],"replies":[{"embeddable":true,"href":"https:\/\/zonaroja.com.mx\/index.php?rest_route=%2Fwp%2Fv2%2Fcomments&post=11222"}],"version-history":[{"count":1,"href":"https:\/\/zonaroja.com.mx\/index.php?rest_route=\/wp\/v2\/posts\/11222\/revisions"}],"predecessor-version":[{"id":11224,"href":"https:\/\/zonaroja.com.mx\/index.php?rest_route=\/wp\/v2\/posts\/11222\/revisions\/11224"}],"wp:featuredmedia":[{"embeddable":true,"href":"https:\/\/zonaroja.com.mx\/index.php?rest_route=\/wp\/v2\/media\/11223"}],"wp:attachment":[{"href":"https:\/\/zonaroja.com.mx\/index.php?rest_route=%2Fwp%2Fv2%2Fmedia&parent=11222"}],"wp:term":[{"taxonomy":"category","embeddable":true,"href":"https:\/\/zonaroja.com.mx\/index.php?rest_route=%2Fwp%2Fv2%2Fcategories&post=11222"},{"taxonomy":"post_tag","embeddable":true,"href":"https:\/\/zonaroja.com.mx\/index.php?rest_route=%2Fwp%2Fv2%2Ftags&post=11222"}],"curies":[{"name":"wp","href":"https:\/\/api.w.org\/{rel}","templated":true}]}}