{"id":11232,"date":"2020-04-17T10:28:18","date_gmt":"2020-04-17T15:28:18","guid":{"rendered":"http:\/\/www.zonaroja.com.mx\/?p=11232"},"modified":"2020-04-17T10:28:21","modified_gmt":"2020-04-17T15:28:21","slug":"dos-periodicos-en-mexico-recortan-salarios-hasta-55-a-personal","status":"publish","type":"post","link":"https:\/\/zonaroja.com.mx\/?p=11232","title":{"rendered":"Dos peri\u00f3dicos en M\u00e9xico recortan salarios hasta 55% a personal"},"content":{"rendered":"\n<p>Redacci\u00f3n\/Zona Roja Cdmx.<\/p>\n\n\n\n<p>Ciudad de M\u00e9xico, 17 de abril de 2020.- El\nimpacto econ\u00f3mico que el nuevo coronavirus ha provocado en el mundo alcanz\u00f3 a\nlos medios de comunicaci\u00f3n en M\u00e9xico y algunos otros pa\u00edses latinoamericanos. <\/p>\n\n\n\n<p>El diario \u201cLa Jornada\u201d public\u00f3 hoy un\ncable de la agencia AP, en que describe que varios han comunicado en los d\u00edas\nrecientes a sus periodistas que debido a la pandemia ajustar\u00e1n sus salarios. En\nel caso m\u00e1s extremo implica un recorte de hasta 55 por ciento.<\/p>\n\n\n\n<p>En M\u00e9xico, diarios como \u201cEl Universal\u201d y\n\u201cR\u00e9cord\u201d, adem\u00e1s de empresas de comunicaci\u00f3n como Business and Luxury Media\nGroup &#8211;que maneja marcas como Forbes y Robb Report&#8211; son algunos de los medios\nque han hecho esos ajustes salariales para enfrentar la crisis econ\u00f3mica. <\/p>\n\n\n\n<p>La informaci\u00f3n de AP expone que hasta\nahora no se ha conocido sobre casos de despidos. Hace unos d\u00edas, el gobierno\nmexicano anunci\u00f3 que empresas privadas han despedido a casi 350 mil\ntrabajadores.<\/p>\n\n\n\n<p>\u201cEl Universal\u201d, fundado en 1916 y\nconsiderado uno de los m\u00e1s importantes en M\u00e9xico, recortar\u00e1 y retendr\u00e1 30 por\nciento de su salario al mes durante los pr\u00f3ximos cuatro meses, con la promesa\nde regresar lo que les quitaron y volver al porcentaje salarial completo a\npartir de agosto, una vez concluida la emergencia.<\/p>\n\n\n\n<p>\u201cEl Universal\u201d no respondi\u00f3 a una\nsolicitud formal de entrevista, pero un directivo que pidi\u00f3 no ser identificado\nconfirm\u00f3 los ajustes temporales en su n\u00f3mina, expone la agencia informativa\ninternacional.<\/p>\n\n\n\n<p>En \u201cR\u00e9cord\u201d, el deportivo m\u00e1s influyente\ndel pa\u00eds, los dirigentes tambi\u00e9n tuvieron que recurrir a la medida, aunque por\nahora s\u00f3lo tienen contemplado hacerlo este mes, debido a que dejaron de\nimprimirlo en papel para sacar una versi\u00f3n digital disponible en su sitio de\nInternet.<\/p>\n\n\n\n<p>\u201cHubo ajustes salariales en toda la\nestructura del diario, pero es algo temporal por el mes de abril y estamos a la\nespera de hacer un an\u00e1lisis a fin de mes para ver qu\u00e9 vamos a hacer. <\/p>\n\n\n\n<p>\u201cComo todo el mundo, no tenemos claro\nc\u00f3mo va a ir avanzando la pandemia\u201d, dijo Carlos Ponce de Le\u00f3n, director del\nrotativo. <\/p>\n\n\n\n<p>La gasolina que hace que ande la m\u00e1quina\nde \u201cR\u00e9cord\u201d es el ingreso de publicidad. Ante la falta de ese ingreso, que baj\u00f3\nen cuanto empez\u00f3 la contingencia, los patrocinadores o clientes dejaron de\ninvertir y la m\u00e1quina no puede andar completa, por eso nos replegamos.<\/p>\n\n\n\n<p>Aunque el directivo no entr\u00f3 en detalles\nsobre los porcentajes, un periodista del diario dijo que los ajustes var\u00edan\ndesde 10 por ciento y alcanzan hasta 55 por ciento.<\/p>\n\n\n\n<p>Jan Albert Hootsen, representante en\nM\u00e9xico del Comit\u00e9 para la Defensa de los Periodistas, dijo que se ha enterado\ncon preocupaci\u00f3n de que en las semanas recientes ha habido recortes de personal\ny de sueldos en muchos lugares de la Rep\u00fablica y dio como ejemplo a estados\ncomo Quintana Roo, al este de M\u00e9xico, donde medios locales han decidido no\npagar a sus reporteros hasta nuevo aviso, o se han visto obligados a\npr\u00e1cticamente cerrar las puertas.<\/p>\n\n\n\n<p>Algunos medios de comunicaci\u00f3n en M\u00e9xico\nsufr\u00edan dificultades econ\u00f3micas antes de la pandemia, debido a que el\npresidente Andr\u00e9s Manuel L\u00f3pez Obrador recort\u00f3 gastos en publicidad oficial\ndesde su llegada al poder.<\/p>\n\n\n\n<p>Otro de los medios afectados por los\najustes salariales es la revista Forbes M\u00e9xico, donde un periodista dijo,\ntambi\u00e9n bajo condici\u00f3n de anonimato, que deber\u00e1n sortear los pr\u00f3ximos dos meses\ncon reducciones de 50 por ciento en su salario, tambi\u00e9n con la promesa que ser\u00e1\ndevuelto m\u00e1s adelante. <\/p>\n\n\n\n<p>Sin embargo, dijo que los directivos son\nrenuentes a dejarlo por escrito y todo qued\u00f3 en un acuerdo verbal.<\/p>\n","protected":false},"excerpt":{"rendered":"<p>Redacci\u00f3n\/Zona Roja Cdmx. Ciudad de M\u00e9xico, 17 de abril de 2020.- El impacto econ\u00f3mico que&hellip;<\/p>\n","protected":false},"author":2,"featured_media":11233,"comment_status":"closed","ping_status":"open","sticky":false,"template":"","format":"standard","meta":{"_lmt_disableupdate":"","_lmt_disable":"","_jetpack_memberships_contains_paid_content":false,"footnotes":""},"categories":[109,47],"tags":[1626],"class_list":["post-11232","post","type-post","status-publish","format-standard","has-post-thumbnail","hentry","category-minuto-a-minuto","category-zona-gris","tag-medios-mexicanos"],"jetpack_featured_media_url":"https:\/\/zonaroja.com.mx\/wp-content\/uploads\/2020\/04\/Medios-mexicanos.jpg","jetpack_sharing_enabled":true,"_links":{"self":[{"href":"https:\/\/zonaroja.com.mx\/index.php?rest_route=\/wp\/v2\/posts\/11232","targetHints":{"allow":["GET"]}}],"collection":[{"href":"https:\/\/zonaroja.com.mx\/index.php?rest_route=\/wp\/v2\/posts"}],"about":[{"href":"https:\/\/zonaroja.com.mx\/index.php?rest_route=\/wp\/v2\/types\/post"}],"author":[{"embeddable":true,"href":"https:\/\/zonaroja.com.mx\/index.php?rest_route=\/wp\/v2\/users\/2"}],"replies":[{"embeddable":true,"href":"https:\/\/zonaroja.com.mx\/index.php?rest_route=%2Fwp%2Fv2%2Fcomments&post=11232"}],"version-history":[{"count":1,"href":"https:\/\/zonaroja.com.mx\/index.php?rest_route=\/wp\/v2\/posts\/11232\/revisions"}],"predecessor-version":[{"id":11234,"href":"https:\/\/zonaroja.com.mx\/index.php?rest_route=\/wp\/v2\/posts\/11232\/revisions\/11234"}],"wp:featuredmedia":[{"embeddable":true,"href":"https:\/\/zonaroja.com.mx\/index.php?rest_route=\/wp\/v2\/media\/11233"}],"wp:attachment":[{"href":"https:\/\/zonaroja.com.mx\/index.php?rest_route=%2Fwp%2Fv2%2Fmedia&parent=11232"}],"wp:term":[{"taxonomy":"category","embeddable":true,"href":"https:\/\/zonaroja.com.mx\/index.php?rest_route=%2Fwp%2Fv2%2Fcategories&post=11232"},{"taxonomy":"post_tag","embeddable":true,"href":"https:\/\/zonaroja.com.mx\/index.php?rest_route=%2Fwp%2Fv2%2Ftags&post=11232"}],"curies":[{"name":"wp","href":"https:\/\/api.w.org\/{rel}","templated":true}]}}