{"id":11238,"date":"2020-04-17T10:49:18","date_gmt":"2020-04-17T15:49:18","guid":{"rendered":"http:\/\/www.zonaroja.com.mx\/?p=11238"},"modified":"2020-04-17T12:00:33","modified_gmt":"2020-04-17T17:00:33","slug":"alumnos-universitarios-crean-y-dona-caretas-al-hospital-de-tuxtepec","status":"publish","type":"post","link":"https:\/\/zonaroja.com.mx\/?p=11238","title":{"rendered":"Universitarios crean y donan caretas al hospital de Tuxtepec, ante Covid-19"},"content":{"rendered":"\n<p>Yuridiana Sosa\/Zona Roja.<\/p>\n\n\n\n<p>San Juan Bautista Tuxtepec, Oax., 17 de\nabril d 2020.- Alumnos del Tecnol\u00f3gico Nacional de M\u00e9xico, campus Tuxtepec,\nimprimieron en 3D caretas que donaron al personal del Hospital General de\nTuxtepec, para ayudarlos a enfrentar la contingencia de Covid-19.<\/p>\n\n\n\n<p>Ante la falta de equipos de protecci\u00f3n\npara los trabajadores de la salud, el estudiante de la Ingenier\u00eda en\nElectromec\u00e1nica, C\u00e9sar Toledo Landeros, present\u00f3 la iniciativa de este proyecto\nque llev\u00f3 a cabo con asesor\u00eda de los docentes de la instituci\u00f3n, quienes este\nlunes realizaron la entrega del equipo.<\/p>\n\n\n\n<p>El estudiante don\u00f3 40 caretas transparentes impresas en 3D dichas con material PLA, que se deriva de materias primas naturales y renovables como el ma\u00edz, mejorando un prototipo de dise\u00f1o que se encuentra en la red.<\/p>\n\n\n\n<figure class=\"wp-block-image\"><img decoding=\"async\" width=\"720\" height=\"960\" src=\"http:\/\/www.zonaroja.com.mx\/wp-content\/uploads\/2020\/04\/Caretas-Tuxtepec-3.jpg\" alt=\"\" class=\"wp-image-11240\" srcset=\"https:\/\/zonaroja.com.mx\/wp-content\/uploads\/2020\/04\/Caretas-Tuxtepec-3.jpg 720w, https:\/\/zonaroja.com.mx\/wp-content\/uploads\/2020\/04\/Caretas-Tuxtepec-3-225x300.jpg 225w, https:\/\/zonaroja.com.mx\/wp-content\/uploads\/2020\/04\/Caretas-Tuxtepec-3-585x780.jpg 585w\" sizes=\"(max-width: 720px) 100vw, 720px\" \/><\/figure>\n\n\n\n<p>La entrega se realiz\u00f3 recientemente en\nlas instalaciones del Hospital General, donde el Administrador General,\nAlejandro Bail\u00f3n Mel\u00e9ndez y la Jefa de Recursos Materiales, Mar\u00eda Eugenia Mares\nGarc\u00eda, recibieron el equipo; el personal m\u00e9dico, agradeci\u00f3 la colaboraci\u00f3n de\nla instituci\u00f3n educativa para ayudarlos a enfrentar la crisis sanitaria.<\/p>\n\n\n\n<p>\u201cReafirmamos el compromiso con la\nsociedad en estos tiempos, donde los insumos m\u00e9dicos son insuficientes para\nbrindar la atenci\u00f3n a pacientes sospechosos y confirmados de Covid-19\u201d, indic\u00f3\nla directiva del Tecnol\u00f3gico de Tuxtepec.<\/p>\n\n\n\n<p>Los trabajadores del hospital, adheridos a la Secci\u00f3n 35 del Sindicato Nacional de Trabajadores de la Secretar\u00eda de Salud, laboran bajo protesta debido al incumplimiento de las autoridades federales y estatales para otorgarles equipos de protecci\u00f3n adecuados, as\u00ed como insumos, para atender a los pacientes sospechosos o confirmados de Covid-19.<\/p>\n\n\n\n<figure class=\"wp-block-image\"><img decoding=\"async\" width=\"960\" height=\"720\" src=\"http:\/\/www.zonaroja.com.mx\/wp-content\/uploads\/2020\/04\/Caretas-Tuxtepec-2.jpg\" alt=\"\" class=\"wp-image-11241\" srcset=\"https:\/\/zonaroja.com.mx\/wp-content\/uploads\/2020\/04\/Caretas-Tuxtepec-2.jpg 960w, https:\/\/zonaroja.com.mx\/wp-content\/uploads\/2020\/04\/Caretas-Tuxtepec-2-300x225.jpg 300w, https:\/\/zonaroja.com.mx\/wp-content\/uploads\/2020\/04\/Caretas-Tuxtepec-2-768x576.jpg 768w, https:\/\/zonaroja.com.mx\/wp-content\/uploads\/2020\/04\/Caretas-Tuxtepec-2-585x439.jpg 585w\" sizes=\"(max-width: 960px) 100vw, 960px\" \/><\/figure>\n","protected":false},"excerpt":{"rendered":"<p>Yuridiana Sosa\/Zona Roja. San Juan Bautista Tuxtepec, Oax., 17 de abril d 2020.- Alumnos del&hellip;<\/p>\n","protected":false},"author":2,"featured_media":11239,"comment_status":"closed","ping_status":"open","sticky":false,"template":"","format":"standard","meta":{"_lmt_disableupdate":"","_lmt_disable":"","_jetpack_memberships_contains_paid_content":false,"footnotes":""},"categories":[109,46],"tags":[1627],"class_list":["post-11238","post","type-post","status-publish","format-standard","has-post-thumbnail","hentry","category-minuto-a-minuto","category-zona-blanca","tag-caretas-3d-hospital-tuxtepec"],"jetpack_featured_media_url":"https:\/\/zonaroja.com.mx\/wp-content\/uploads\/2020\/04\/Caretas-Tuxtepec-1.jpg","jetpack_sharing_enabled":true,"_links":{"self":[{"href":"https:\/\/zonaroja.com.mx\/index.php?rest_route=\/wp\/v2\/posts\/11238","targetHints":{"allow":["GET"]}}],"collection":[{"href":"https:\/\/zonaroja.com.mx\/index.php?rest_route=\/wp\/v2\/posts"}],"about":[{"href":"https:\/\/zonaroja.com.mx\/index.php?rest_route=\/wp\/v2\/types\/post"}],"author":[{"embeddable":true,"href":"https:\/\/zonaroja.com.mx\/index.php?rest_route=\/wp\/v2\/users\/2"}],"replies":[{"embeddable":true,"href":"https:\/\/zonaroja.com.mx\/index.php?rest_route=%2Fwp%2Fv2%2Fcomments&post=11238"}],"version-history":[{"count":2,"href":"https:\/\/zonaroja.com.mx\/index.php?rest_route=\/wp\/v2\/posts\/11238\/revisions"}],"predecessor-version":[{"id":11244,"href":"https:\/\/zonaroja.com.mx\/index.php?rest_route=\/wp\/v2\/posts\/11238\/revisions\/11244"}],"wp:featuredmedia":[{"embeddable":true,"href":"https:\/\/zonaroja.com.mx\/index.php?rest_route=\/wp\/v2\/media\/11239"}],"wp:attachment":[{"href":"https:\/\/zonaroja.com.mx\/index.php?rest_route=%2Fwp%2Fv2%2Fmedia&parent=11238"}],"wp:term":[{"taxonomy":"category","embeddable":true,"href":"https:\/\/zonaroja.com.mx\/index.php?rest_route=%2Fwp%2Fv2%2Fcategories&post=11238"},{"taxonomy":"post_tag","embeddable":true,"href":"https:\/\/zonaroja.com.mx\/index.php?rest_route=%2Fwp%2Fv2%2Ftags&post=11238"}],"curies":[{"name":"wp","href":"https:\/\/api.w.org\/{rel}","templated":true}]}}