{"id":11245,"date":"2020-04-17T12:50:02","date_gmt":"2020-04-17T17:50:02","guid":{"rendered":"http:\/\/www.zonaroja.com.mx\/?p=11245"},"modified":"2020-04-17T13:45:02","modified_gmt":"2020-04-17T18:45:02","slug":"mande-a-mi-hija-para-que-se-superara-padre-de-desaparecida-en-tuxtepec","status":"publish","type":"post","link":"https:\/\/zonaroja.com.mx\/?p=11245","title":{"rendered":"\u201cMand\u00e9 a mi hija para que se superara\u201d: padre de desaparecida en Tuxtepec"},"content":{"rendered":"\n<p>Yuridiana Sosa\/Zona Roja.<\/p>\n\n\n\n<p>San Juan Bautista Tuxtepec, Oax., 17 de\nabril de 2020.- A tres d\u00edas de no saber de ella, los padres de Itzel Gonz\u00e1lez\nGonz\u00e1lez, joven de 20 a\u00f1os de edad, desaparecida en San Juan Bautista Tuxtepec,\npidieron ayuda a la poblaci\u00f3n para dar pronto con su localizaci\u00f3n.<\/p>\n\n\n\n<p>La joven es estudiantes de la\nlicenciatura de Enfermer\u00eda en la Universidad del Papaloapan (UNPA); su familia\ny amigos que la buscan la describen como una joven alegre, aplicada en la\nescuela y apasionada del futbol.<\/p>\n\n\n\n<p>Itzel es originaria de Uxpanapa,\nVeracruz, a unos 260 kil\u00f3metros de Tuxtepec; ella, junto con su hermana,\nllegaron a Tuxtepec para continuar con sus estudios acad\u00e9micos.<\/p>\n\n\n\n<p>\u201cMande a mi hija para que se superara y\nfuera gente de bien en el futuro\u201d, expres\u00f3 hoy Juan Gonz\u00e1les Ram\u00f3n, padre con\nl\u00e1grimas en los ojos.<\/p>\n\n\n\n<p>El hombre de condici\u00f3n humilde apunt\u00f3\nque han marcado a su tel\u00e9fono celular y no tienen respuesta. Ahora s\u00f3lo conf\u00edan\nen que la Fiscal\u00eda General del Estado haga su trabajo y su hija regrese pronto\na casa y que la vida le permita terminar sus estudios.<\/p>\n\n\n\n<p>M\u00daLTIPLES CASOS<\/p>\n\n\n\n<p>En medio de la contingencia por el\nCovid-19, los casos de mujeres desaparecidas no cesan en la entidad, tan solo\nen el transcurso de una semana al menos 11 mujeres han sido reportadas como no\nlocalizadas.<\/p>\n\n\n\n<p>Informaci\u00f3n de la Unidad de B\u00fasqueda de\nPersonas Desaparecidas y No Localizadas, de la Fiscal\u00eda General de Oaxaca,\nmuestra que siete de ellas son menores de edad, entre los 12 y los 17 a\u00f1os,\nmientras que el resto va de los 18 a los 30 a\u00f1os.<\/p>\n\n\n\n<p>Con la publicaci\u00f3n de dos fotograf\u00edas de\nla joven, la ma\u00f1ana de este viernes, la familia pide la colaboraci\u00f3n para\nlocalizar a Mar\u00eda Fernanda L\u00f3pez Mart\u00ednez, de 15 a\u00f1os de edad, a quien se le\nvio este jueves en la colonia L\u00e1zaro C\u00e1rdenas, en la agencia de San Mart\u00edn\nMexic\u00e1pam, de la capital del estado.<\/p>\n\n\n\n<p>Pero tan s\u00f3lo en el transcurso de este\njueves, la autoridad public\u00f3 la b\u00fasqueda para tres oaxaque\u00f1as.<\/p>\n\n\n\n<p>La noche de este 16 de abril se emiti\u00f3\nla b\u00fasqueda para ubicar a Aurora Ericka R\u00edos, de 30 a\u00f1os de edad, quien\ndesapareci\u00f3 desde el pasado 13 de abril en Ejutla de Crespo; horas antes, la de\nVania Paulina de Jes\u00fas Linares, de 12 a\u00f1os de edad, vista por \u00faltima vez el 15\nde abril en Rancho Nuevo de Santa Mar\u00eda Petapa.<\/p>\n\n\n\n<p>As\u00ed tambi\u00e9n, las autoridades piden la\nayuda para localizar a Evelyn Alvarado Avenda\u00f1o de 17 a\u00f1os de edad, vista por\n\u00faltima vez en la central de abasto en la capital del estado.<\/p>\n\n\n\n<p>HASTA MENORES<\/p>\n\n\n\n<p>Karina Garc\u00eda, una menor de 13 a\u00f1os de\nedad tambi\u00e9n fue reportada como desaparecida el pasado 15 de abril en Huautla\nde Jim\u00e9nez. As\u00ed como desde el pasado mi\u00e9rcoles las autoridades alertaron sobre\nla localizaci\u00f3n de Itzel Gonz\u00e1lez Gonz\u00e1lez de 20 a\u00f1os de edad, vista por \u00faltima\nvez en la colonia Grajales en San Juan Bautista Tuxtepec.<\/p>\n\n\n\n<p>El pasado 15 de abril tambi\u00e9n de lanz\u00f3\nla b\u00fasqueda para Cruz Nayeli Ramos Ortega, de 18 a\u00f1os de edad, vista por \u00faltima\nvez desde el pasado 5 de abril en Santa Ana Tlapacoyan, del distrito de\nZimatl\u00e1n.<\/p>\n\n\n\n<p>Desde el pasado 12 de abril tambi\u00e9n se\nbusca a Alfa Manola D\u00edaz, de 16 a\u00f1os de edad, vista en el mercado de Teotitl\u00e1n\nde Flores Mag\u00f3n. Jennifer Gonz\u00e1lez, de 16 a\u00f1os, tambi\u00e9n es buscada, fue vista\npor \u00faltima vez en Santa Mar\u00eda Jamiltepec, de Santiago Pinotepa.<\/p>\n\n\n\n<p>Durante el fin de semana se emiti\u00f3 la\nficha de b\u00fasqueda para localizar a Frida Sof\u00eda, de 14 a\u00f1os, en la comunidad de\nSanta Mar\u00eda en Santo Domingo Tehuantepec y de Karen Itzel de 24 a\u00f1os de edad,\nen San Francisco Telixtlahuaca.<\/p>\n","protected":false},"excerpt":{"rendered":"<p>Yuridiana Sosa\/Zona Roja. San Juan Bautista Tuxtepec, Oax., 17 de abril de 2020.- A tres&hellip;<\/p>\n","protected":false},"author":2,"featured_media":11246,"comment_status":"closed","ping_status":"open","sticky":false,"template":"","format":"standard","meta":{"_lmt_disableupdate":"","_lmt_disable":"","_jetpack_memberships_contains_paid_content":false,"footnotes":""},"categories":[109,47],"tags":[642],"class_list":["post-11245","post","type-post","status-publish","format-standard","has-post-thumbnail","hentry","category-minuto-a-minuto","category-zona-gris","tag-personas-desaparecidas-oaxaca"],"jetpack_featured_media_url":"https:\/\/zonaroja.com.mx\/wp-content\/uploads\/2020\/04\/Desaparecida-Tuxtepec.jpg","jetpack_sharing_enabled":true,"_links":{"self":[{"href":"https:\/\/zonaroja.com.mx\/index.php?rest_route=\/wp\/v2\/posts\/11245","targetHints":{"allow":["GET"]}}],"collection":[{"href":"https:\/\/zonaroja.com.mx\/index.php?rest_route=\/wp\/v2\/posts"}],"about":[{"href":"https:\/\/zonaroja.com.mx\/index.php?rest_route=\/wp\/v2\/types\/post"}],"author":[{"embeddable":true,"href":"https:\/\/zonaroja.com.mx\/index.php?rest_route=\/wp\/v2\/users\/2"}],"replies":[{"embeddable":true,"href":"https:\/\/zonaroja.com.mx\/index.php?rest_route=%2Fwp%2Fv2%2Fcomments&post=11245"}],"version-history":[{"count":2,"href":"https:\/\/zonaroja.com.mx\/index.php?rest_route=\/wp\/v2\/posts\/11245\/revisions"}],"predecessor-version":[{"id":11248,"href":"https:\/\/zonaroja.com.mx\/index.php?rest_route=\/wp\/v2\/posts\/11245\/revisions\/11248"}],"wp:featuredmedia":[{"embeddable":true,"href":"https:\/\/zonaroja.com.mx\/index.php?rest_route=\/wp\/v2\/media\/11246"}],"wp:attachment":[{"href":"https:\/\/zonaroja.com.mx\/index.php?rest_route=%2Fwp%2Fv2%2Fmedia&parent=11245"}],"wp:term":[{"taxonomy":"category","embeddable":true,"href":"https:\/\/zonaroja.com.mx\/index.php?rest_route=%2Fwp%2Fv2%2Fcategories&post=11245"},{"taxonomy":"post_tag","embeddable":true,"href":"https:\/\/zonaroja.com.mx\/index.php?rest_route=%2Fwp%2Fv2%2Ftags&post=11245"}],"curies":[{"name":"wp","href":"https:\/\/api.w.org\/{rel}","templated":true}]}}