{"id":11253,"date":"2020-04-17T17:29:14","date_gmt":"2020-04-17T22:29:14","guid":{"rendered":"https:\/\/www.zonaroja.com.mx\/?p=11253"},"modified":"2020-04-17T17:38:05","modified_gmt":"2020-04-17T22:38:05","slug":"acuerdan-trabajar-en-unidad-poderes-legislativo-y-ejecutivo-para-enfrentar-coronavirus","status":"publish","type":"post","link":"https:\/\/zonaroja.com.mx\/?p=11253","title":{"rendered":"Acuerdan trabajar en unidad poderes Legislativo y Ejecutivo para enfrentar coronavirus"},"content":{"rendered":"\n<p>Redacci\u00f3n\/Zona Roja. <\/p>\n\n\n\n<p>Oaxaca de Ju\u00e1rez, Oax., 17 de abril de 2020.- Para mantener una estrecha comunicaci\u00f3n con el gobierno estatal durante el periodo de contingencia sanitaria, integrantes de la Junta de Coordinaci\u00f3n Pol\u00edtica del Congreso local, que preside el diputado Horacio Sosa, sostuvieron una reuni\u00f3n con el gobernador Alejandro Murat, con quien acordaron trabajar en unidad en las diferentes acciones a emprender durante la contingencia.<\/p>\n\n\n\n<p>En la reuni\u00f3n, donde tambi\u00e9n estuvo presente el presidente de la Mesa Directiva, Jorge Octavio Villaca\u00f1a, los diputados oaxaque\u00f1os de todas las fuerzas pol\u00edticas, externaron su inter\u00e9s por detonar estrategias de beneficio a todos los sectores sociales, particularmente a los m\u00e1s vulnerables que podr\u00edan verse afectados en la crisis econ\u00f3mica que se avecina por los estragos del Covid-19.<\/p>\n\n\n\n<p>En este sentido, el presidente de la Jucopo, Horacio Sosa, reiter\u00f3 que el Congreso local mantiene la disposici\u00f3n de redireccionar el recurso necesario para la activaci\u00f3n econ\u00f3mica. <\/p>\n\n\n\n<p>\u201cEn medio de la contingencia, refrendamos la unidad y compromiso con el pueblo oaxaque\u00f1o\u201d, asever\u00f3 el diputado local.<\/p>\n\n\n\n<p>De igual forma, el gobernador Alejandro Murat, reconoci\u00f3 el inter\u00e9s particular de los diputados, con quienes dijo, trabajar\u00e1 de la mano para salvaguardar la econom\u00eda de las familias oaxaque\u00f1as.<\/p>\n\n\n\n<p>Muestra de ello fue el refinanciamiento de tres mil 500 millones de pesos aprobado, el cual representa un aliciente para la reactivaci\u00f3n econ\u00f3mica de Oaxaca.<\/p>\n","protected":false},"excerpt":{"rendered":"<p>Redacci\u00f3n\/Zona Roja. Oaxaca de Ju\u00e1rez, Oax., 17 de abril de 2020.- Para mantener una estrecha&hellip;<\/p>\n","protected":false},"author":2,"featured_media":11252,"comment_status":"closed","ping_status":"open","sticky":false,"template":"","format":"standard","meta":{"_lmt_disableupdate":"","_lmt_disable":"","_jetpack_memberships_contains_paid_content":false,"footnotes":""},"categories":[109,46],"tags":[444],"class_list":["post-11253","post","type-post","status-publish","format-standard","has-post-thumbnail","hentry","category-minuto-a-minuto","category-zona-blanca","tag-horacio-sosa-villavicencio"],"jetpack_featured_media_url":"https:\/\/zonaroja.com.mx\/wp-content\/uploads\/2020\/04\/d575db0e-e0a6-4da1-b5a8-b0182ef2f697.jpg","jetpack_sharing_enabled":true,"_links":{"self":[{"href":"https:\/\/zonaroja.com.mx\/index.php?rest_route=\/wp\/v2\/posts\/11253","targetHints":{"allow":["GET"]}}],"collection":[{"href":"https:\/\/zonaroja.com.mx\/index.php?rest_route=\/wp\/v2\/posts"}],"about":[{"href":"https:\/\/zonaroja.com.mx\/index.php?rest_route=\/wp\/v2\/types\/post"}],"author":[{"embeddable":true,"href":"https:\/\/zonaroja.com.mx\/index.php?rest_route=\/wp\/v2\/users\/2"}],"replies":[{"embeddable":true,"href":"https:\/\/zonaroja.com.mx\/index.php?rest_route=%2Fwp%2Fv2%2Fcomments&post=11253"}],"version-history":[{"count":1,"href":"https:\/\/zonaroja.com.mx\/index.php?rest_route=\/wp\/v2\/posts\/11253\/revisions"}],"predecessor-version":[{"id":11254,"href":"https:\/\/zonaroja.com.mx\/index.php?rest_route=\/wp\/v2\/posts\/11253\/revisions\/11254"}],"wp:featuredmedia":[{"embeddable":true,"href":"https:\/\/zonaroja.com.mx\/index.php?rest_route=\/wp\/v2\/media\/11252"}],"wp:attachment":[{"href":"https:\/\/zonaroja.com.mx\/index.php?rest_route=%2Fwp%2Fv2%2Fmedia&parent=11253"}],"wp:term":[{"taxonomy":"category","embeddable":true,"href":"https:\/\/zonaroja.com.mx\/index.php?rest_route=%2Fwp%2Fv2%2Fcategories&post=11253"},{"taxonomy":"post_tag","embeddable":true,"href":"https:\/\/zonaroja.com.mx\/index.php?rest_route=%2Fwp%2Fv2%2Ftags&post=11253"}],"curies":[{"name":"wp","href":"https:\/\/api.w.org\/{rel}","templated":true}]}}