{"id":11257,"date":"2020-04-17T18:44:47","date_gmt":"2020-04-17T23:44:47","guid":{"rendered":"http:\/\/www.zonaroja.com.mx\/?p=11257"},"modified":"2020-04-17T18:45:04","modified_gmt":"2020-04-17T23:45:04","slug":"persiste-la-inconformidad-en-juxtlahuaca-exigen-recursos-a-edil","status":"publish","type":"post","link":"https:\/\/zonaroja.com.mx\/?p=11257","title":{"rendered":"Persiste la inconformidad en Juxtlahuaca; exigen recursos a edil"},"content":{"rendered":"\n<p>Yuridiana Sosa\/Zona Roja.<\/p>\n\n\n\n<p>Oaxaca de Ju\u00e1rez, Oax., 17 de abril de\n2020.-&nbsp; Habitantes de diferentes agencias\nde Santiago Juxtlahuaca, en la regi\u00f3n Mixteca, reanudaron este viernes su protesta\nafuera del Palacio Municipal para exigir al edil, Nicol\u00e1s Feria Romero, la\nentrega de recursos p\u00fablicos.<\/p>\n\n\n\n<p>Tras el desalojo violento que este\njueves llev\u00f3 a cabo la Polic\u00eda Municipal contra los pobladores que permanec\u00edan\nen el lugar desde hace m\u00e1s de un a\u00f1o, el Comisariado de Bienes Comunales de\nSantiago Juxtlahuaca, Pascual Avenda\u00f1o, desconoci\u00f3 como autoridad municipal a\nFeria Romero.<\/p>\n\n\n\n<p>Ante la inconformidad por los hechos de\neste jueves y por la omisi\u00f3n de la aplicaci\u00f3n de recursos en sus comunidades,\ndecenas de pobladores arribaron al centro del municipio y se apostaron\nalrededor del palacio municipal en rechazo, nuevamente, al gobierno municipal.<\/p>\n\n\n\n<p>Exigieron al presidente de Juxtlahuaca\nel pago de los ramos 28 y 33; esta misma situaci\u00f3n se present\u00f3 desde la primera\nadministraci\u00f3n de Feria Romero y lo que desencaden\u00f3 el descontento de las\ncomunidades, quienes desde el 1 de enero de 2019 se hab\u00edan apoderado del\ninmueble municipal.<\/p>\n\n\n\n<p>Durante el desalojo del grupo que a\u00fan\npermanec\u00eda en el corredor del palacio municipal y en el enfrentamiento a\npedradas resultaron al menos 10 personas lesionadas, entre hombres y mujeres\nque trataron impedir la acci\u00f3n de los uniformados.<\/p>\n\n\n\n<p>Los integrantes del denominado Frente de\nResistencia Ind\u00edgena mantienen desde el a\u00f1o pasado su demanda de recursos para\nlas agencias municipales. El edil Nicol\u00e1s Feria Romero argumenta a su vez que\nson chantajistas que s\u00f3lo exigen dinero para beneficio personal.<\/p>\n","protected":false},"excerpt":{"rendered":"<p>Yuridiana Sosa\/Zona Roja. Oaxaca de Ju\u00e1rez, Oax., 17 de abril de 2020.-&nbsp; Habitantes de diferentes&hellip;<\/p>\n","protected":false},"author":2,"featured_media":11258,"comment_status":"closed","ping_status":"open","sticky":false,"template":"","format":"standard","meta":{"_lmt_disableupdate":"","_lmt_disable":"","_jetpack_memberships_contains_paid_content":false,"footnotes":""},"categories":[47],"tags":[826],"class_list":["post-11257","post","type-post","status-publish","format-standard","has-post-thumbnail","hentry","category-zona-gris","tag-santiago-juxtlahuaca"],"jetpack_featured_media_url":"https:\/\/zonaroja.com.mx\/wp-content\/uploads\/2020\/04\/IMG_3182-1.jpg","jetpack_sharing_enabled":true,"_links":{"self":[{"href":"https:\/\/zonaroja.com.mx\/index.php?rest_route=\/wp\/v2\/posts\/11257","targetHints":{"allow":["GET"]}}],"collection":[{"href":"https:\/\/zonaroja.com.mx\/index.php?rest_route=\/wp\/v2\/posts"}],"about":[{"href":"https:\/\/zonaroja.com.mx\/index.php?rest_route=\/wp\/v2\/types\/post"}],"author":[{"embeddable":true,"href":"https:\/\/zonaroja.com.mx\/index.php?rest_route=\/wp\/v2\/users\/2"}],"replies":[{"embeddable":true,"href":"https:\/\/zonaroja.com.mx\/index.php?rest_route=%2Fwp%2Fv2%2Fcomments&post=11257"}],"version-history":[{"count":1,"href":"https:\/\/zonaroja.com.mx\/index.php?rest_route=\/wp\/v2\/posts\/11257\/revisions"}],"predecessor-version":[{"id":11259,"href":"https:\/\/zonaroja.com.mx\/index.php?rest_route=\/wp\/v2\/posts\/11257\/revisions\/11259"}],"wp:featuredmedia":[{"embeddable":true,"href":"https:\/\/zonaroja.com.mx\/index.php?rest_route=\/wp\/v2\/media\/11258"}],"wp:attachment":[{"href":"https:\/\/zonaroja.com.mx\/index.php?rest_route=%2Fwp%2Fv2%2Fmedia&parent=11257"}],"wp:term":[{"taxonomy":"category","embeddable":true,"href":"https:\/\/zonaroja.com.mx\/index.php?rest_route=%2Fwp%2Fv2%2Fcategories&post=11257"},{"taxonomy":"post_tag","embeddable":true,"href":"https:\/\/zonaroja.com.mx\/index.php?rest_route=%2Fwp%2Fv2%2Ftags&post=11257"}],"curies":[{"name":"wp","href":"https:\/\/api.w.org\/{rel}","templated":true}]}}