{"id":11269,"date":"2020-04-17T22:07:18","date_gmt":"2020-04-18T03:07:18","guid":{"rendered":"http:\/\/www.zonaroja.com.mx\/?p=11269"},"modified":"2020-04-17T22:07:52","modified_gmt":"2020-04-18T03:07:52","slug":"dan-60-anos-de-prision-a-doble-homicida-de-puerto-escondido","status":"publish","type":"post","link":"https:\/\/zonaroja.com.mx\/?p=11269","title":{"rendered":"Dan 60 a\u00f1os de prisi\u00f3n a doble homicida de Puerto Escondido"},"content":{"rendered":"\n<p>Redacci\u00f3n\/Zona Roja.<\/p>\n\n\n\n<p>Oaxaca de Ju\u00e1rez, Oax., 17 de abril de\n2020.- El Tribunal de Enjuiciamiento del Poder Judicial de Oaxaca dict\u00f3\nsentencia condenatoria de 60 a\u00f1os de prisi\u00f3n en contra de un doble homicida, B.\nT. V. (Bartolo), por hechos cometidos hace un a\u00f1o en Puerto Escondido.<\/p>\n\n\n\n<p>Es responsable del delito de homicidio\ncalificado con ventaja en agravio de quienes en vida respondieron a los nombres\nde C. J. O. (C\u00e9sar) y E. A. M. R. (El\u00edas), cometido en febrero de 2019, en la\nciudad de Puerto Escondido, regi\u00f3n de la Costa.<\/p>\n\n\n\n<p>La Fiscal\u00eda General del Estado inform\u00f3\nque de acuerdo con la causa penal 63\/2019, aproximadamente a las 19:00 horas\ndel 10 de febrero de 2019, las v\u00edctimas se encontraban en el bar \u201cLa Terraza\u201d de\nPuerto Escondido, cuando lleg\u00f3 el imputado y con un arma de fuego dispar\u00f3\ncontra ellas, priv\u00e1ndolas de la vida.<\/p>\n\n\n\n<p>Tras obtener la orden de aprehensi\u00f3n\ndictada por el Juez de Control de Puerto Escondido, logr\u00f3 la detenci\u00f3n y posterior\nvinculaci\u00f3n a proceso del imputado.<\/p>\n\n\n\n<p>En audiencia, el Tribunal de\nEnjuiciamiento del Poder Judicial dict\u00f3 sentencia condenatoria contra B. T. V.,\nimponi\u00e9ndole la pena de 60 a\u00f1os de prisi\u00f3n, as\u00ed como el pago de m\u00e1s de 883 mil\npesos por concepto de reparaci\u00f3n del da\u00f1o, inform\u00f3 en un comunicado.<\/p>\n\n\n\n<p>CASO HIJO DE PERIODISTA<\/p>\n\n\n\n<p>Por otra parte, la Fiscal\u00eda General\ninform\u00f3 tambi\u00e9n que logr\u00f3 obtener del Juzgado de Control auto de vinculaci\u00f3n a\nproceso contra F. R. H. (Filiberto), se\u00f1alado como probable responsable del\ndelito de homicidio calificado en agravio de C.E.C.R. (Cirilo), hijo del\nperiodista Ferm\u00edn Carrera, cometido en noviembre de 2019, en San Miguel\nSoyaltepec, regi\u00f3n de la Cuenca.<\/p>\n\n\n\n<p>De acuerdo con la causa penal 279\/2019,\nlos hechos ocurrieron el 20 de noviembre de 2019 en la poblaci\u00f3n de San Miguel\nSoyaltepec, cuando la v\u00edctima transitaba sobre una de las principales calles de\nla referida poblaci\u00f3n, momento en que fue privado de la vida por el imputado\ncon un disparo de arma de fuego en la cabeza.<\/p>\n\n\n\n<p>Tras ser informado por autoridades\nministeriales del Estado de M\u00e9xico, envi\u00f3 a personal para aplicar la orden de\naprehensi\u00f3n y posteriormente trasladar al probable responsable a la entidad\noaxaque\u00f1a.<\/p>\n\n\n\n<p>En audiencia, el Juez de Control\ndetermin\u00f3 vincular a proceso al probable responsable, imponi\u00e9ndole la medida\ncautelar de prisi\u00f3n preventiva oficiosa y otorgando dos meses para el cierre de\ninvestigaci\u00f3n complementaria.<\/p>\n","protected":false},"excerpt":{"rendered":"<p>Redacci\u00f3n\/Zona Roja. Oaxaca de Ju\u00e1rez, Oax., 17 de abril de 2020.- El Tribunal de Enjuiciamiento&hellip;<\/p>\n","protected":false},"author":2,"featured_media":11270,"comment_status":"closed","ping_status":"open","sticky":false,"template":"","format":"standard","meta":{"_lmt_disableupdate":"","_lmt_disable":"","_jetpack_memberships_contains_paid_content":false,"footnotes":""},"categories":[109,47],"tags":[494],"class_list":["post-11269","post","type-post","status-publish","format-standard","has-post-thumbnail","hentry","category-minuto-a-minuto","category-zona-gris","tag-fiscalia-general-del-estado-de-oaxaca"],"jetpack_featured_media_url":"https:\/\/zonaroja.com.mx\/wp-content\/uploads\/2020\/04\/carcel-prision.jpg","jetpack_sharing_enabled":true,"_links":{"self":[{"href":"https:\/\/zonaroja.com.mx\/index.php?rest_route=\/wp\/v2\/posts\/11269","targetHints":{"allow":["GET"]}}],"collection":[{"href":"https:\/\/zonaroja.com.mx\/index.php?rest_route=\/wp\/v2\/posts"}],"about":[{"href":"https:\/\/zonaroja.com.mx\/index.php?rest_route=\/wp\/v2\/types\/post"}],"author":[{"embeddable":true,"href":"https:\/\/zonaroja.com.mx\/index.php?rest_route=\/wp\/v2\/users\/2"}],"replies":[{"embeddable":true,"href":"https:\/\/zonaroja.com.mx\/index.php?rest_route=%2Fwp%2Fv2%2Fcomments&post=11269"}],"version-history":[{"count":2,"href":"https:\/\/zonaroja.com.mx\/index.php?rest_route=\/wp\/v2\/posts\/11269\/revisions"}],"predecessor-version":[{"id":11272,"href":"https:\/\/zonaroja.com.mx\/index.php?rest_route=\/wp\/v2\/posts\/11269\/revisions\/11272"}],"wp:featuredmedia":[{"embeddable":true,"href":"https:\/\/zonaroja.com.mx\/index.php?rest_route=\/wp\/v2\/media\/11270"}],"wp:attachment":[{"href":"https:\/\/zonaroja.com.mx\/index.php?rest_route=%2Fwp%2Fv2%2Fmedia&parent=11269"}],"wp:term":[{"taxonomy":"category","embeddable":true,"href":"https:\/\/zonaroja.com.mx\/index.php?rest_route=%2Fwp%2Fv2%2Fcategories&post=11269"},{"taxonomy":"post_tag","embeddable":true,"href":"https:\/\/zonaroja.com.mx\/index.php?rest_route=%2Fwp%2Fv2%2Ftags&post=11269"}],"curies":[{"name":"wp","href":"https:\/\/api.w.org\/{rel}","templated":true}]}}