{"id":11274,"date":"2020-04-18T07:58:45","date_gmt":"2020-04-18T12:58:45","guid":{"rendered":"http:\/\/www.zonaroja.com.mx\/?p=11274"},"modified":"2020-04-18T09:14:22","modified_gmt":"2020-04-18T14:14:22","slug":"critican-legisladores-nula-actividad-de-secretaria-de-bienestar-de-oaxaca","status":"publish","type":"post","link":"https:\/\/zonaroja.com.mx\/?p=11274","title":{"rendered":"Critican legisladores nula actividad de Secretar\u00eda de Bienestar de Oaxaca"},"content":{"rendered":"\n<p>Redacci\u00f3n\/Zona Roja.<\/p>\n\n\n\n<p>Oaxaca de Ju\u00e1rez, 18 de abril de 2020.-\nDiputados locales demandaron a la Secretar\u00eda de Bienestar del Estado Oaxaca (Sebien)\nque realice acciones para atender el desarrollo social en esta emergencia.<\/p>\n\n\n\n<p>Asimismo, criticaron que sea el DIF estatal\ny no esa dependencia la que administre el apoyo alimentario, porque \u00e9sta posee\nlos padrones de las familias con mayor vulnerabilidad y marginaci\u00f3n.<\/p>\n\n\n\n<p>Ayer, integrantes de la Comisi\u00f3n de\nBienestar y Fomento Cooperativo de la 64 Legislatura, demandaron a la Sebien,\nencabezada por Edith Yolanda Mart\u00ednez L\u00f3pez, acciones firmes que contribuyan a\napoyar la econom\u00eda de la poblaci\u00f3n en esta emergencia sanitaria.<\/p>\n\n\n\n<p>Asimismo, en un encuentro virtual,\ncriticaron que los recursos destinados a esta emergencia, particularmente en\nlas canastas de alimentos b\u00e1sicos, para familias en condiciones vulnerables,\nest\u00e9n en poder del DIF estatal y no de la Sebien, que es la dependencia\nencargada, por sus funciones sustantivas, de atender el desarrollo social y a\nlas personas en condiciones de marginaci\u00f3n.<\/p>\n\n\n\n<p>En la Sesi\u00f3n Permanente instalada este ayer, que cont\u00f3 con la participaci\u00f3n de la funcionaria estatal, el diputado Sa\u00fal Cruz Jim\u00e9nez, presidente de la Comisi\u00f3n Legislativa, expuso que, en breve, enviar\u00e1n un exhorto al Ejecutivo estatal para revisar las acciones que anunci\u00f3 el 7 de abril pasado, como parte del plan emergente para hacer frente a la crisis econ\u00f3mica generada por el Covid- 19.<\/p>\n\n\n\n<figure class=\"wp-block-image\"><img decoding=\"async\" width=\"1024\" height=\"682\" src=\"http:\/\/www.zonaroja.com.mx\/wp-content\/uploads\/2020\/04\/foto-2.4-Griselda-Sosa-V\u00e1squez-integrante-de-la-Comisi\u00f3n-de-Bienestar-y-Fomenco-Cooperativo-del-Congreso-1-1024x682.jpeg\" alt=\"\" class=\"wp-image-11277\" srcset=\"https:\/\/zonaroja.com.mx\/wp-content\/uploads\/2020\/04\/foto-2.4-Griselda-Sosa-V\u00e1squez-integrante-de-la-Comisi\u00f3n-de-Bienestar-y-Fomenco-Cooperativo-del-Congreso-1-1024x682.jpeg 1024w, https:\/\/zonaroja.com.mx\/wp-content\/uploads\/2020\/04\/foto-2.4-Griselda-Sosa-V\u00e1squez-integrante-de-la-Comisi\u00f3n-de-Bienestar-y-Fomenco-Cooperativo-del-Congreso-1-300x200.jpeg 300w, https:\/\/zonaroja.com.mx\/wp-content\/uploads\/2020\/04\/foto-2.4-Griselda-Sosa-V\u00e1squez-integrante-de-la-Comisi\u00f3n-de-Bienestar-y-Fomenco-Cooperativo-del-Congreso-1-768x512.jpeg 768w, https:\/\/zonaroja.com.mx\/wp-content\/uploads\/2020\/04\/foto-2.4-Griselda-Sosa-V\u00e1squez-integrante-de-la-Comisi\u00f3n-de-Bienestar-y-Fomenco-Cooperativo-del-Congreso-1-1170x780.jpeg 1170w, https:\/\/zonaroja.com.mx\/wp-content\/uploads\/2020\/04\/foto-2.4-Griselda-Sosa-V\u00e1squez-integrante-de-la-Comisi\u00f3n-de-Bienestar-y-Fomenco-Cooperativo-del-Congreso-1-585x390.jpeg 585w, https:\/\/zonaroja.com.mx\/wp-content\/uploads\/2020\/04\/foto-2.4-Griselda-Sosa-V\u00e1squez-integrante-de-la-Comisi\u00f3n-de-Bienestar-y-Fomenco-Cooperativo-del-Congreso-1-263x175.jpeg 263w, https:\/\/zonaroja.com.mx\/wp-content\/uploads\/2020\/04\/foto-2.4-Griselda-Sosa-V\u00e1squez-integrante-de-la-Comisi\u00f3n-de-Bienestar-y-Fomenco-Cooperativo-del-Congreso-1.jpeg 1280w\" sizes=\"(max-width: 1024px) 100vw, 1024px\" \/><\/figure>\n\n\n\n<p>Ah\u00ed mismo, requiri\u00f3 a la secretaria\ninformaci\u00f3n espec\u00edfica sobre los mecanismos y el plan de operaci\u00f3n para la\nentrega de apoyos por parte del gobierno del estado, espec\u00edficamente las\ncanastas de alimentos b\u00e1sicos, que se han puesto en manos del Sistema para el\nDesarrollo integral de la Familia (DIF) Estatal.<\/p>\n\n\n\n<p>La legisladora Griselda Sosa V\u00e1squez,\ncuestion\u00f3 a la titular de la Sebien sobre el monto de los recursos destinados y\ncon el que operar\u00e1 la secretar\u00eda, respecto al Plan Emergente anunciado por el\nEjecutivo estatal. A dicha pregunta, la funcionaria indic\u00f3 que \u201ccon nada hasta\nel momento\u201d, ya que el recurso lo ejercer\u00e1n otras entidades gubernamentales.<\/p>\n\n\n\n<p>La diputada Mar\u00eda de Jes\u00fas Mendoza\nS\u00e1nchez, solicit\u00f3 a la funcionaria informaci\u00f3n respecto al pago a proveedores\nde los uniformes escolares entregados el a\u00f1o pasado, deuda que a\u00fan no se ha\nsaldado. Por tanto, solicit\u00f3 saldar esta deuda a la brevedad posible, acci\u00f3n\nque contribuir\u00eda a la preservaci\u00f3n de empleos para los y las oaxaque\u00f1as.<\/p>\n\n\n\n<p>De igual forma, cuestion\u00f3 acerca del\ndestino de los recursos etiquetados para el pago a defraudados por cajas de\nahorro porque, hasta el momento, no se sabe que pas\u00f3 y tampoco existe informe\nal respecto.<\/p>\n\n\n\n<p>En tanto, el congresista P\u00e1vel Mel\u00e9ndez\nCruz, critic\u00f3 que el DIF estatal sea el organismo que administre lo destinado\npara el desarrollo social en la entidad y no la Sebien.&nbsp; Espec\u00edficamente, lo referente al apoyo\nalimentario, pues esta dependencia posee los padrones de las familias con mayor\nvulnerabilidad y marginaci\u00f3n.<\/p>\n\n\n\n<p>Asimismo, propuso que los recursos\ndestinados a la comunicaci\u00f3n social del gobierno estatal, sean puestos a\ndisposici\u00f3n de la Secretar\u00eda de Bienestar, a fin de abatir los rezagos de\nalimentaci\u00f3n existentes.<\/p>\n\n\n\n<p>En su oportunidad, la titular de la\nSecretar\u00eda de Bienestar del Estado, explic\u00f3 que la dependencia a su cargo\ntrabaja con \u00fanicamente dos programas: el de Cr\u00e9dito a la Palabra de la Mujer,\ncon un presupuesto de 1.5 millones de pesos y el programa Vamos Juntos a la\nEscuela, mediante el cual se entregan uniformes escolares a ni\u00f1as y ni\u00f1os\noaxaque\u00f1os.<\/p>\n","protected":false},"excerpt":{"rendered":"<p>Redacci\u00f3n\/Zona Roja. Oaxaca de Ju\u00e1rez, 18 de abril de 2020.- Diputados locales demandaron a la&hellip;<\/p>\n","protected":false},"author":2,"featured_media":11276,"comment_status":"closed","ping_status":"open","sticky":false,"template":"","format":"standard","meta":{"_lmt_disableupdate":"","_lmt_disable":"","_jetpack_memberships_contains_paid_content":false,"footnotes":""},"categories":[109,47],"tags":[1628],"class_list":["post-11274","post","type-post","status-publish","format-standard","has-post-thumbnail","hentry","category-minuto-a-minuto","category-zona-gris","tag-secretaria-de-bienestar-de-oaxaca-sebien"],"jetpack_featured_media_url":"https:\/\/zonaroja.com.mx\/wp-content\/uploads\/2020\/04\/Yolanda-Martinez-Lopez.jpg","jetpack_sharing_enabled":true,"_links":{"self":[{"href":"https:\/\/zonaroja.com.mx\/index.php?rest_route=\/wp\/v2\/posts\/11274","targetHints":{"allow":["GET"]}}],"collection":[{"href":"https:\/\/zonaroja.com.mx\/index.php?rest_route=\/wp\/v2\/posts"}],"about":[{"href":"https:\/\/zonaroja.com.mx\/index.php?rest_route=\/wp\/v2\/types\/post"}],"author":[{"embeddable":true,"href":"https:\/\/zonaroja.com.mx\/index.php?rest_route=\/wp\/v2\/users\/2"}],"replies":[{"embeddable":true,"href":"https:\/\/zonaroja.com.mx\/index.php?rest_route=%2Fwp%2Fv2%2Fcomments&post=11274"}],"version-history":[{"count":1,"href":"https:\/\/zonaroja.com.mx\/index.php?rest_route=\/wp\/v2\/posts\/11274\/revisions"}],"predecessor-version":[{"id":11278,"href":"https:\/\/zonaroja.com.mx\/index.php?rest_route=\/wp\/v2\/posts\/11274\/revisions\/11278"}],"wp:featuredmedia":[{"embeddable":true,"href":"https:\/\/zonaroja.com.mx\/index.php?rest_route=\/wp\/v2\/media\/11276"}],"wp:attachment":[{"href":"https:\/\/zonaroja.com.mx\/index.php?rest_route=%2Fwp%2Fv2%2Fmedia&parent=11274"}],"wp:term":[{"taxonomy":"category","embeddable":true,"href":"https:\/\/zonaroja.com.mx\/index.php?rest_route=%2Fwp%2Fv2%2Fcategories&post=11274"},{"taxonomy":"post_tag","embeddable":true,"href":"https:\/\/zonaroja.com.mx\/index.php?rest_route=%2Fwp%2Fv2%2Ftags&post=11274"}],"curies":[{"name":"wp","href":"https:\/\/api.w.org\/{rel}","templated":true}]}}