{"id":11279,"date":"2020-04-18T09:15:44","date_gmt":"2020-04-18T14:15:44","guid":{"rendered":"http:\/\/www.zonaroja.com.mx\/?p=11279"},"modified":"2020-04-18T09:15:48","modified_gmt":"2020-04-18T14:15:48","slug":"enfrenta-ayutla-al-covid-19-con-sus-propios-recursos-3-anos-sin-agua","status":"publish","type":"post","link":"https:\/\/zonaroja.com.mx\/?p=11279","title":{"rendered":"Enfrenta Ayutla al Covid-19 con sus propios recursos; 3 a\u00f1os sin agua"},"content":{"rendered":"\n<p>Evlin Arag\u00f3n\/Zona Roja.<\/p>\n\n\n\n<p>Oaxaca de Ju\u00e1rez, Oax., 18 de abril de\n2020.- Pese a la ausencia de agua potable, la comunidad mixe de San Pedro y San\nPablo Ayutla enfrenta con sus propios recursos la pandemia por Covid-19 que\nafecta a todo el mundo; lo hace de manera organizada como lo han realizado en\nlos \u00faltimos tres a\u00f1os que padecen del vital l\u00edquido.<\/p>\n\n\n\n<p>En un video que publicaron a trav\u00e9s de\nsus redes sociales, donde la comunidad Ayuuk se mantiene muy activa, se puede\nver que con el apoyo de una j\u00edcara, una cubeta y jab\u00f3n l\u00edquido hacen los propio\npara seguir las indicaciones sanitarias que eviten el contagio del coronavirus\nen la localidad.<\/p>\n\n\n\n<p>Las indicaciones del correcto lavado de\nmanos emitidas por el Gobierno Federal, a trav\u00e9s de la Secretar\u00eda de Salud,\nfueron traducidas al mixe por la ling\u00fcista y activista Y\u00e1snaya Elena Aguilar\nGil, quien con el apoyo de otras dos personas hicieron la demostraci\u00f3n a las y\nlos habitantes que se concentraron en la explanada municipal de la localidad\nperteneciente a la regi\u00f3n de la Sierra Norte.<\/p>\n\n\n\n<p>A\u00fan con la carencia de agua potable, el\npueblo ha demostrado el poder de la organizaci\u00f3n que les caracteriza, ya que\nhan hecho un registro de personas que est\u00e1n en mayor vulnerabilidad como las\nmayores de 60 a\u00f1os que viven solas y aisladas en el campo, as\u00ed como ni\u00f1as y\nni\u00f1os cuyos padres no est\u00e1n, a fin de ayudarles con comida o despensa mientras\ndure la contingencia.<\/p>\n\n\n\n<p>As\u00ed mismo, el Comit\u00e9 de Agua de la\nlocalidad ha distribuido el vital l\u00edquido con un volteo, que permite ir\nrepartiendo de cubeta en cubeta a las y los habitantes de la poblaci\u00f3n, a fin\nde seguir las recomendaciones sanitarias que incluyen el lavado de manos de\nforma constante, lo cual ser\u00eda imposible ante la omisi\u00f3n de las autoridades del\ngobierno de Oaxaca de reconectar el servicio.<\/p>\n\n\n\n<p>Todo lo anterior lo han implementado\npara evitar cerrar sus fronteras, ya que son un pueblo de entrada a la regi\u00f3n\nmixe, ante ello han optado por aislar a las personas que migren del norte del\npa\u00eds u otras regiones que deben reportarse de inmediato con las autoridades\ncomunitarias.<\/p>\n\n\n\n<p>As\u00ed lo constata la organizaci\u00f3n defensora\nde derechos C\u00f3digo DH, cuyo personal acudi\u00f3 a la localidad en una Misi\u00f3n Civil\nde Observaci\u00f3n sobre la Problem\u00e1tica del Agua en Ayutla, en agosto del 2019, y\nque incluso emiti\u00f3 un informe al respecto.<\/p>\n\n\n\n<p>Dicha visita document\u00f3 la violaci\u00f3n al\nderecho humano al agua, a la salud, a la vida, la integridad f\u00edsica y otros m\u00e1s\nen los que ha derivado la falta de acci\u00f3n por parte de las autoridades\nestatales con quienes el pueblo ayuuk ha sostenido 60 mesas de di\u00e1logo que no\nhan dado respuesta favorable a la problem\u00e1tica que ha superado los mil d\u00edas.<\/p>\n\n\n\n<p>Adem\u00e1s, verific\u00f3 el trabajo organizativo\nque ha realizado la comunidad que incluye jornadas de informaci\u00f3n biling\u00fces, a\nfin de que la pandemia sea asumida de forma responsable y evitar en la medida\nde las posibilidades registrar un contagio de coronavirus que pondr\u00eda a la\nlocalidad en una situaci\u00f3n compleja ya que independiente de la falta de agua,\ntambi\u00e9n enfrentan la falta de m\u00e9dicos y un centro de salud confiable.<\/p>\n\n\n\n<p>Cabe se\u00f1alar que la falta de agua\npotable en Ayutla deriv\u00f3 en una recomendaci\u00f3n de la Comisi\u00f3n Nacional de\nDerechos Humanos (CNDH), que el pasado primero de abril emiti\u00f3 medidas\ncautelares que mandaran al gobierno de Alejandro Murat Hinojosa garantizar de\nforma inmediata los derechos al agua y a la salud en el municipio.<\/p>\n","protected":false},"excerpt":{"rendered":"<p>Evlin Arag\u00f3n\/Zona Roja. Oaxaca de Ju\u00e1rez, Oax., 18 de abril de 2020.- Pese a la&hellip;<\/p>\n","protected":false},"author":2,"featured_media":11169,"comment_status":"closed","ping_status":"open","sticky":false,"template":"","format":"standard","meta":{"_lmt_disableupdate":"","_lmt_disable":"","_jetpack_memberships_contains_paid_content":false,"footnotes":""},"categories":[109,47],"tags":[1623,501],"class_list":["post-11279","post","type-post","status-publish","format-standard","has-post-thumbnail","hentry","category-minuto-a-minuto","category-zona-gris","tag-aguaparaayutlaya","tag-san-pedro-y-san-pablo-ayutla-mixe"],"jetpack_featured_media_url":"https:\/\/zonaroja.com.mx\/wp-content\/uploads\/2020\/04\/Agua-para-Ayutla-1.jpg","jetpack_sharing_enabled":true,"_links":{"self":[{"href":"https:\/\/zonaroja.com.mx\/index.php?rest_route=\/wp\/v2\/posts\/11279","targetHints":{"allow":["GET"]}}],"collection":[{"href":"https:\/\/zonaroja.com.mx\/index.php?rest_route=\/wp\/v2\/posts"}],"about":[{"href":"https:\/\/zonaroja.com.mx\/index.php?rest_route=\/wp\/v2\/types\/post"}],"author":[{"embeddable":true,"href":"https:\/\/zonaroja.com.mx\/index.php?rest_route=\/wp\/v2\/users\/2"}],"replies":[{"embeddable":true,"href":"https:\/\/zonaroja.com.mx\/index.php?rest_route=%2Fwp%2Fv2%2Fcomments&post=11279"}],"version-history":[{"count":1,"href":"https:\/\/zonaroja.com.mx\/index.php?rest_route=\/wp\/v2\/posts\/11279\/revisions"}],"predecessor-version":[{"id":11280,"href":"https:\/\/zonaroja.com.mx\/index.php?rest_route=\/wp\/v2\/posts\/11279\/revisions\/11280"}],"wp:featuredmedia":[{"embeddable":true,"href":"https:\/\/zonaroja.com.mx\/index.php?rest_route=\/wp\/v2\/media\/11169"}],"wp:attachment":[{"href":"https:\/\/zonaroja.com.mx\/index.php?rest_route=%2Fwp%2Fv2%2Fmedia&parent=11279"}],"wp:term":[{"taxonomy":"category","embeddable":true,"href":"https:\/\/zonaroja.com.mx\/index.php?rest_route=%2Fwp%2Fv2%2Fcategories&post=11279"},{"taxonomy":"post_tag","embeddable":true,"href":"https:\/\/zonaroja.com.mx\/index.php?rest_route=%2Fwp%2Fv2%2Ftags&post=11279"}],"curies":[{"name":"wp","href":"https:\/\/api.w.org\/{rel}","templated":true}]}}