{"id":11287,"date":"2020-04-18T12:26:46","date_gmt":"2020-04-18T17:26:46","guid":{"rendered":"http:\/\/www.zonaroja.com.mx\/?p=11287"},"modified":"2020-04-18T12:27:07","modified_gmt":"2020-04-18T17:27:07","slug":"quedateencasa-en-lengua-indigena-apuesta-por-ampliar-la-difusion-de-medidas","status":"publish","type":"post","link":"https:\/\/zonaroja.com.mx\/?p=11287","title":{"rendered":"#Qu\u00e9dateEnCasa en lengua ind\u00edgena, apuesta por ampliar la difusi\u00f3n de medidas"},"content":{"rendered":"\n<p>Evlin Arag\u00f3n\/Zona Roja.<\/p>\n\n\n\n<p>Oaxaca de Ju\u00e1rez, Oax., 18 de abril de\n2020.- El confinamiento en casa es hasta ahora la medida m\u00e1s eficaz en el mundo\npara evitar el contagio masivo de personas por Covid-19, ante la pandemia\nmundial.<\/p>\n\n\n\n<p>Por ello ha sido necesario difundir la\nrecomendaci\u00f3n de quedarse en casa por todos los medios posibles.<\/p>\n\n\n\n<p>Dado que en M\u00e9xico m\u00e1s de siete millones\nde personas hablan alguna lengua originaria, el Instituto Nacional de Pueblos\nInd\u00edgenas (INPI) se ha dado a la tarea de masificar el mensaje a trav\u00e9s de las\nradios culturales y comunitarias y por supuesto las redes sociales.<\/p>\n\n\n\n<p>Las recomendaciones sanitarias se\nescuchan en mixteco, n\u00e1huatl, rar\u00e1muri y otras 32 lenguas originarias, a trav\u00e9s\nde las 22 emisoras ubicadas en zonas ind\u00edgenas del pa\u00eds, que forman parte del\nSistema de Radiodifusoras Culturales Ind\u00edgenas a cargo del INPI.<\/p>\n\n\n\n<p>Gracias a diversos esfuerzos, las y los\njornaleros agr\u00edcolas de la Mixteca de Oaxaca reciben en su lengua originaria\ninformaci\u00f3n oficial sobre el Covid-19 y las recomendaciones para hacerle\nfrente, la cual llega mediante las frecuencias radiales hasta los campos de\nBaja California donde actualmente se encuentran laborando.<\/p>\n\n\n\n<p>La lengua maya, la segunda m\u00e1s hablada\nen territorio mexicano, cuenta incluso con una animaci\u00f3n en video en la cual se\nexplica a las y los hablantes en la pen\u00ednsula de Yucat\u00e1n las medidas sanitarias\nnecesarias para evitar el contagio del coronavirus, al igual que el pueblo chontal\nde Tabasco.<\/p>\n\n\n\n<p>El dise\u00f1o de infograf\u00edas es tambi\u00e9n una\nestrategia implementada en las redes sociales las cuales se pueden leer en Tseltal,\nTsotsil, Ayapaneco, Mazahua, Mazateco, Chatino, Chocholteco y Zapoteco de la\nSierra Norte de Oaxaca, entre muchos m\u00e1s.<\/p>\n\n\n\n<p>La informaci\u00f3n difundida en lenguas\nind\u00edgenas incluye todas las medidas de prevenci\u00f3n que ha dado a conocer el\nsector salud del gobierno de M\u00e9xico, como lo son las campa\u00f1as \u201cQu\u00e9date en Casa\u201d\ny \u201cSusana Distancia\u201d, mensajes sobre el correcto lavado de manos y medidas de\nhigiene, as\u00ed como la informaci\u00f3n diaria emitida al respecto.<\/p>\n\n\n\n<p>El INPI, que preside el oaxaque\u00f1o Adelfo\nRegino Montes, no s\u00f3lo difunde las recomendaciones sanitarias; tambi\u00e9n ha\npuesto a disposici\u00f3n de la poblaci\u00f3n en general cursos en l\u00ednea para aprender\nalguna lengua ind\u00edgena. como el n\u00e1huatl de San Luis Potos\u00ed, as\u00ed como da acceso\nal material sonoro de su fonoteca, con el objetivo de hacer m\u00e1s llevadera la\ncuarentena y dar la posibilidad de aprender algo nuevo.<\/p>\n\n\n\n<p>El libro \u201cEl Principito\u00bb del\nafamado escritor Saint-Exup\u00e9ry, traducido en Tseltal de Chiapas, se encuentra\nigualmente disponible en la plataforma del INPI y en sus redes sociales donde\nse reitera el llamado de quedarse en casa y disfrutar de este material a m\u00e1s de\n77 a\u00f1os de su edici\u00f3n.<\/p>\n\n\n\n<p>Finalmente. tambi\u00e9n se han puesto a\ndisposici\u00f3n cuentos tradicionales, leyendas, sones, series radiof\u00f3nicas &#8211;como\nel \u201cEl saz\u00f3n de la abuela. Chinantecos de Oaxaca\u00bb&#8211; con la finalidad de\ninvitar a la poblaci\u00f3n a quedarse en casa y respetar la medida sanitaria\nimplementada en la mayor parte del mundo debido a la pandemia que ha dejado 486\npersonas fallecidas en M\u00e9xico, cinco de las cuales se registraron en la entidad\noaxaque\u00f1a.<\/p>\n","protected":false},"excerpt":{"rendered":"<p>Evlin Arag\u00f3n\/Zona Roja. Oaxaca de Ju\u00e1rez, Oax., 18 de abril de 2020.- El confinamiento en&hellip;<\/p>\n","protected":false},"author":2,"featured_media":11288,"comment_status":"closed","ping_status":"open","sticky":false,"template":"","format":"standard","meta":{"_lmt_disableupdate":"","_lmt_disable":"","_jetpack_memberships_contains_paid_content":false,"footnotes":""},"categories":[109,46],"tags":[558],"class_list":["post-11287","post","type-post","status-publish","format-standard","has-post-thumbnail","hentry","category-minuto-a-minuto","category-zona-blanca","tag-instituto-nacional-de-pueblos-indigenas"],"jetpack_featured_media_url":"https:\/\/zonaroja.com.mx\/wp-content\/uploads\/2020\/04\/medidas-sanitarias-maya.jpg","jetpack_sharing_enabled":true,"_links":{"self":[{"href":"https:\/\/zonaroja.com.mx\/index.php?rest_route=\/wp\/v2\/posts\/11287","targetHints":{"allow":["GET"]}}],"collection":[{"href":"https:\/\/zonaroja.com.mx\/index.php?rest_route=\/wp\/v2\/posts"}],"about":[{"href":"https:\/\/zonaroja.com.mx\/index.php?rest_route=\/wp\/v2\/types\/post"}],"author":[{"embeddable":true,"href":"https:\/\/zonaroja.com.mx\/index.php?rest_route=\/wp\/v2\/users\/2"}],"replies":[{"embeddable":true,"href":"https:\/\/zonaroja.com.mx\/index.php?rest_route=%2Fwp%2Fv2%2Fcomments&post=11287"}],"version-history":[{"count":1,"href":"https:\/\/zonaroja.com.mx\/index.php?rest_route=\/wp\/v2\/posts\/11287\/revisions"}],"predecessor-version":[{"id":11289,"href":"https:\/\/zonaroja.com.mx\/index.php?rest_route=\/wp\/v2\/posts\/11287\/revisions\/11289"}],"wp:featuredmedia":[{"embeddable":true,"href":"https:\/\/zonaroja.com.mx\/index.php?rest_route=\/wp\/v2\/media\/11288"}],"wp:attachment":[{"href":"https:\/\/zonaroja.com.mx\/index.php?rest_route=%2Fwp%2Fv2%2Fmedia&parent=11287"}],"wp:term":[{"taxonomy":"category","embeddable":true,"href":"https:\/\/zonaroja.com.mx\/index.php?rest_route=%2Fwp%2Fv2%2Fcategories&post=11287"},{"taxonomy":"post_tag","embeddable":true,"href":"https:\/\/zonaroja.com.mx\/index.php?rest_route=%2Fwp%2Fv2%2Ftags&post=11287"}],"curies":[{"name":"wp","href":"https:\/\/api.w.org\/{rel}","templated":true}]}}