{"id":11293,"date":"2020-04-18T14:53:32","date_gmt":"2020-04-18T19:53:32","guid":{"rendered":"http:\/\/www.zonaroja.com.mx\/?p=11293"},"modified":"2020-04-18T14:53:38","modified_gmt":"2020-04-18T19:53:38","slug":"tras-declaraciones-de-javier-alatorre-clausuran-oficinas-de-tv-azteca-oaxaca","status":"publish","type":"post","link":"https:\/\/zonaroja.com.mx\/?p=11293","title":{"rendered":"Tras declaraciones de Javier Alatorre, clausuran oficinas de Tv Azteca Oaxaca"},"content":{"rendered":"\n<p>Yuridiana Sosa\/Zona Roja.<\/p>\n\n\n\n<p>Oaxaca de Ju\u00e1rez, Oax., 18 de abril de\n2020.- Bajo el argumento que la empresa nacional de comunicaciones Tv Azteca\natenta contra la salud de los mexicanos, la organizaci\u00f3n Comuna Oaxaca clausur\u00f3\nhoy de manera simb\u00f3lica las oficinas de la televisora en la capital oaxaque\u00f1a.<\/p>\n\n\n\n<p>La inconformidad deriv\u00f3 de un comentario\na una nota informativa transmitida a nivel nacional la noche de este viernes en\nel noticiero Hechos, donde el presentador Javier Alatorre llam\u00f3 a los mexicanos\na no hacer caso a las recomendaciones del subdirector de Salud, Hugo L\u00f3pez\nGatell.<\/p>\n\n\n\n<p>\u201cSus cifras y sus conferencias ya se\nvolvieron irrelevantes. Es m\u00e1s, se lo decimos con todas sus palabras, ya no\nhaga caso a Hugo L\u00f3pez Gatell\u201d, dijo Alatorre para presentar una nota en la que\narremeti\u00f3 con las decisiones de la Secretar\u00eda de Salud frente a la contingencia\nsanitaria por el Covid-19.<\/p>\n\n\n\n<p>La empresa televisora, propiedad del director General de Grupo Elektra, Ricardo Salinas Pliego, ha difundido diversas informaciones que contradicen a la Secretar\u00eda de Salud, incluso el empresario se manifest\u00f3 contra la campa\u00f1a \u201cQu\u00e9date en casa\u201d.<\/p>\n\n\n\n<figure class=\"wp-block-embed-twitter wp-block-embed is-type-rich is-provider-twitter\"><div class=\"wp-block-embed__wrapper\">\n<div class=\"twitter-tweet\"><blockquote class=\"twitter-tweet\" data-lang=\"es\"><p lang=\"es\" dir=\"ltr\">Tras el \u201cya no haga caso a <a href=\"https:\/\/twitter.com\/HLGatell?ref_src=twsrc%5Etfw\">@HLGatell<\/a>\u201d de <a href=\"https:\/\/twitter.com\/Javier_Alatorre?ref_src=twsrc%5Etfw\">@Javier_Alatorre<\/a> en <a href=\"https:\/\/twitter.com\/Azteca?ref_src=twsrc%5Etfw\">@Azteca<\/a>, la organizaci\u00f3n <a href=\"https:\/\/twitter.com\/comunaoax?ref_src=twsrc%5Etfw\">@comunaoax<\/a> clausur\u00f3 de manera simb\u00f3lica las oficinas en Oaxaca, por considerar irresponsables las declaraciones y que ponen en riesgo la salud de los mexicanos ante la contingencia sanitaria. <a href=\"https:\/\/t.co\/KBeMho0nF7\">pic.twitter.com\/KBeMho0nF7<\/a><\/p>&mdash; Zona Roja Oaxaca (@MexRoja) <a href=\"https:\/\/twitter.com\/MexRoja\/status\/1251588592360722433?ref_src=twsrc%5Etfw\">18 de abril de 2020<\/a><\/blockquote><\/div>\n<\/div><\/figure>\n\n\n\n<p>Ante el c\u00famulo de esas situaciones, la\norganizaci\u00f3n social Comuna Oaxaca se manifest\u00f3 este s\u00e1bado en las oficinas de\nTv Azteca Oaxaca, ubicadas en el centro comercial Pabell\u00f3n Violetas, en la\ncolonia Reforma, al norte de la capital.<\/p>\n\n\n\n<p>Los inconformes colocaron por algunos\nminutos una lona en el acceso principal y en el exterior de la televisora.\n\u201cClausurado, por atentar contra la salud de los mexicanos\u201d, se ley\u00f3 en la\nimpresi\u00f3n.<\/p>\n\n\n\n<p>\u201cHoy clausuramos simb\u00f3licamente una\nempresa que lucra con l@s m\u00e1s pobres y est\u00e1 convocando a la muerte a l@s\nmexican@s en aras de sus m\u00faltiples negocios\u201d, public\u00f3 en su cuenta de Twitter\nla organizaci\u00f3n.<\/p>\n\n\n\n<p>\u201cComo ciudadanos y simpatizantes del\ngobierno federal, nuestro punto de vista con respecto al tratamiento de la\npandemia ha sido el m\u00e1s correcto; no somos expertos, no s\u00e9 si el se\u00f1or Alatorre\nsea experto, pero s\u00ed nos molesta que caiga en esa irresponsabilidad.<\/p>\n\n\n\n<p>\u201cPorque de por s\u00ed nuestra sociedad est\u00e1\nperdiendo tanto econ\u00f3micamente y en salubridad estamos muy escasos por los\ngobiernos anteriores, todav\u00eda de manera irresponsable se atreven a cuestionar\nla labor del gobierno federal en esta pandemia; esta es una movilizaci\u00f3n\npac\u00edfica que venimos a hacer en esta televisora\u201d, dijo a su vez, uno de los\nintegrantes de la dirigencia de Comuna, C\u00e9sar Mateos.<\/p>\n\n\n\n<p>La manifestaci\u00f3n se realiz\u00f3 de manera pac\u00edfica y tras varios minutos de su presencia, retiraron los letreros para abandonar el lugar.<\/p>\n\n\n\n<figure class=\"wp-block-embed-twitter wp-block-embed is-type-rich is-provider-twitter\"><div class=\"wp-block-embed__wrapper\">\n<div class=\"twitter-tweet\"><blockquote class=\"twitter-tweet\" data-lang=\"es\"><p lang=\"es\" dir=\"ltr\"><a href=\"https:\/\/twitter.com\/hashtag\/CoronavirusEmergenciaEcon%C3%B3mica?src=hash&amp;ref_src=twsrc%5Etfw\">#CoronavirusEmergenciaEcon\u00f3mica<\/a><br>\u00bfQu\u00e9 le parece? As\u00ed lo dijo Javier Alatorre anoche: \u201cSus cifras y sus conferencias ya se volvieron irrelevantes\u2026 Es m\u00e1s, ya no haga caso a Hugo L\u00f3pez-Gatell\u201d; fue en Tv Azteca, consorcio de Ricardo Salinas Pliego beneficiado por la 4T. <a href=\"https:\/\/t.co\/AUfTMM4PRM\">pic.twitter.com\/AUfTMM4PRM<\/a><\/p>&mdash; Zona Roja Oaxaca (@MexRoja) <a href=\"https:\/\/twitter.com\/MexRoja\/status\/1251558015100006402?ref_src=twsrc%5Etfw\">18 de abril de 2020<\/a><\/blockquote><\/div>\n<\/div><\/figure>\n","protected":false},"excerpt":{"rendered":"<p>Yuridiana Sosa\/Zona Roja. Oaxaca de Ju\u00e1rez, Oax., 18 de abril de 2020.- Bajo el argumento&hellip;<\/p>\n","protected":false},"author":2,"featured_media":11294,"comment_status":"closed","ping_status":"open","sticky":false,"template":"","format":"standard","meta":{"_lmt_disableupdate":"","_lmt_disable":"","_jetpack_memberships_contains_paid_content":false,"footnotes":""},"categories":[109,47],"tags":[847],"class_list":["post-11293","post","type-post","status-publish","format-standard","has-post-thumbnail","hentry","category-minuto-a-minuto","category-zona-gris","tag-comuna-oaxaca"],"jetpack_featured_media_url":"https:\/\/zonaroja.com.mx\/wp-content\/uploads\/2020\/04\/IMG_3482.png","jetpack_sharing_enabled":true,"_links":{"self":[{"href":"https:\/\/zonaroja.com.mx\/index.php?rest_route=\/wp\/v2\/posts\/11293","targetHints":{"allow":["GET"]}}],"collection":[{"href":"https:\/\/zonaroja.com.mx\/index.php?rest_route=\/wp\/v2\/posts"}],"about":[{"href":"https:\/\/zonaroja.com.mx\/index.php?rest_route=\/wp\/v2\/types\/post"}],"author":[{"embeddable":true,"href":"https:\/\/zonaroja.com.mx\/index.php?rest_route=\/wp\/v2\/users\/2"}],"replies":[{"embeddable":true,"href":"https:\/\/zonaroja.com.mx\/index.php?rest_route=%2Fwp%2Fv2%2Fcomments&post=11293"}],"version-history":[{"count":1,"href":"https:\/\/zonaroja.com.mx\/index.php?rest_route=\/wp\/v2\/posts\/11293\/revisions"}],"predecessor-version":[{"id":11295,"href":"https:\/\/zonaroja.com.mx\/index.php?rest_route=\/wp\/v2\/posts\/11293\/revisions\/11295"}],"wp:featuredmedia":[{"embeddable":true,"href":"https:\/\/zonaroja.com.mx\/index.php?rest_route=\/wp\/v2\/media\/11294"}],"wp:attachment":[{"href":"https:\/\/zonaroja.com.mx\/index.php?rest_route=%2Fwp%2Fv2%2Fmedia&parent=11293"}],"wp:term":[{"taxonomy":"category","embeddable":true,"href":"https:\/\/zonaroja.com.mx\/index.php?rest_route=%2Fwp%2Fv2%2Fcategories&post=11293"},{"taxonomy":"post_tag","embeddable":true,"href":"https:\/\/zonaroja.com.mx\/index.php?rest_route=%2Fwp%2Fv2%2Ftags&post=11293"}],"curies":[{"name":"wp","href":"https:\/\/api.w.org\/{rel}","templated":true}]}}