{"id":11296,"date":"2020-04-18T17:52:23","date_gmt":"2020-04-18T22:52:23","guid":{"rendered":"http:\/\/www.zonaroja.com.mx\/?p=11296"},"modified":"2020-04-18T17:52:28","modified_gmt":"2020-04-18T22:52:28","slug":"logran-tregua-en-juxtlahuaca-sspo-resguardara-el-palacio-municipal","status":"publish","type":"post","link":"https:\/\/zonaroja.com.mx\/?p=11296","title":{"rendered":"Logran tregua en Juxtlahuaca; SSPO resguardar\u00e1 el palacio municipal"},"content":{"rendered":"\n<p>Yuridiana Sosa\/Zona Roja.<\/p>\n\n\n\n<p>Oaxaca de Ju\u00e1rez, Oax., 18 de abril de\n2020.- La Secretar\u00eda de Seguridad P\u00fablica de Oaxaca (SSPO) tom\u00f3 hoy en\nresguardo las instalaciones del palacio municipal en Santiago Juxtlahuaca, para\nque ni el gobierno municipal ni el grupo de manifestantes vuelvan a ocupar el\ninmueble hasta que no haya una soluci\u00f3n definitiva.<\/p>\n\n\n\n<p>La medida es parte del acuerdo al que\nllegaron las autoridades municipales encabezadas por Nicol\u00e1s Feria Romero y el\nFrente de Resistencia Ind\u00edgena de Juxtlahuaca, que tras su desalojo del\ninmueble el jueves, pasado pretendi\u00f3 reinstalar el \u201cplant\u00f3n\u201d que comenz\u00f3 en\nenero de 2019.<\/p>\n\n\n\n<p>Luego de tres d\u00edas de tensa calma en el centro de la poblaci\u00f3n y en las agencias inconformes con el mandato de Feria Romero, la Secretar\u00eda General de Gobierno (Segego) inform\u00f3 que este s\u00e1bado se resolvi\u00f3 el conflicto mediante acuerdos entre los involucrados.<\/p>\n\n\n\n<figure class=\"wp-block-embed-twitter wp-block-embed is-type-rich is-provider-twitter\"><div class=\"wp-block-embed__wrapper\">\n<div class=\"twitter-tweet\"><blockquote class=\"twitter-tweet\" data-lang=\"es\"><p lang=\"es\" dir=\"ltr\">Con la disposici\u00f3n de las  partes y la permanente intervencion de la SEGEGO, se resolvi\u00f3 el conflicto en Juxtlahuaca. Autoridad Mpal y el Frente de Resistencia Ind\u00edgena  mostraron  voluntad. Por la SEGEGO Misael Horacio Cortez. Di\u00e1logo para resolver como indica <a href=\"https:\/\/twitter.com\/alejandromurat?ref_src=twsrc%5Etfw\">@alejandromurat<\/a><\/p>&mdash; SEGEGO Oaxaca (@SEGEGO_GobOax) <a href=\"https:\/\/twitter.com\/SEGEGO_GobOax\/status\/1251564821918543873?ref_src=twsrc%5Etfw\">18 de abril de 2020<\/a><\/blockquote><\/div>\n<\/div><\/figure>\n\n\n\n<p>El Frente de Comunidades apunt\u00f3 que el\npresidente y su cabildo recibieron la instrucci\u00f3n, por parte del Gobierno del Estado,\nde abandonar el inmueble; una vez cumplido el llamado, la organizaci\u00f3n se\nretir\u00f3 de los alrededores del palacio, a donde desde la ma\u00f1ana del viernes\nvolvieron con el fin de apoderarse nuevamente del espacio.<\/p>\n\n\n\n<p>Las partes involucradas se\ncomprometieron a no generar violencia, as\u00ed como que los tr\u00e1mites y demandas\npara el pago de los ramos 28 y 33, continuar\u00e1n su curso legal en el Tribunal\nInd\u00edgena.<\/p>\n\n\n\n<p>Desde el 2018, durante la primera\ngesti\u00f3n municipal de Feria Romero, el recurso no se aplica para las agencias\nde&nbsp; La Sabana, Tierra Blanca Copala,\nYutusani, Llano de Ju\u00e1rez Copala, Santo Domingo del Progreso y Cuauht\u00e9moc\nYucunicoco.<\/p>\n\n\n\n<p>El jueves pasado, con el argumento de\nsanitizar el corredor exterior del palacio municipal como medida de prevenci\u00f3n\npor el Covid-19, la Polic\u00eda Municipal recuper\u00f3 las instalaciones del palacio\nmunicipal mediante un desaloj\u00f3 violeto contra un grupo del Frente Ind\u00edgena que\nmanten\u00edan su protesta contra el edil.<\/p>\n","protected":false},"excerpt":{"rendered":"<p>Yuridiana Sosa\/Zona Roja. Oaxaca de Ju\u00e1rez, Oax., 18 de abril de 2020.- La Secretar\u00eda de&hellip;<\/p>\n","protected":false},"author":2,"featured_media":11297,"comment_status":"closed","ping_status":"open","sticky":false,"template":"","format":"standard","meta":{"_lmt_disableupdate":"","_lmt_disable":"","_jetpack_memberships_contains_paid_content":false,"footnotes":""},"categories":[109,47],"tags":[826],"class_list":["post-11296","post","type-post","status-publish","format-standard","has-post-thumbnail","hentry","category-minuto-a-minuto","category-zona-gris","tag-santiago-juxtlahuaca"],"jetpack_featured_media_url":"https:\/\/zonaroja.com.mx\/wp-content\/uploads\/2020\/04\/PHOTO-2020-04-18-17-43-46.jpg","jetpack_sharing_enabled":true,"_links":{"self":[{"href":"https:\/\/zonaroja.com.mx\/index.php?rest_route=\/wp\/v2\/posts\/11296","targetHints":{"allow":["GET"]}}],"collection":[{"href":"https:\/\/zonaroja.com.mx\/index.php?rest_route=\/wp\/v2\/posts"}],"about":[{"href":"https:\/\/zonaroja.com.mx\/index.php?rest_route=\/wp\/v2\/types\/post"}],"author":[{"embeddable":true,"href":"https:\/\/zonaroja.com.mx\/index.php?rest_route=\/wp\/v2\/users\/2"}],"replies":[{"embeddable":true,"href":"https:\/\/zonaroja.com.mx\/index.php?rest_route=%2Fwp%2Fv2%2Fcomments&post=11296"}],"version-history":[{"count":1,"href":"https:\/\/zonaroja.com.mx\/index.php?rest_route=\/wp\/v2\/posts\/11296\/revisions"}],"predecessor-version":[{"id":11298,"href":"https:\/\/zonaroja.com.mx\/index.php?rest_route=\/wp\/v2\/posts\/11296\/revisions\/11298"}],"wp:featuredmedia":[{"embeddable":true,"href":"https:\/\/zonaroja.com.mx\/index.php?rest_route=\/wp\/v2\/media\/11297"}],"wp:attachment":[{"href":"https:\/\/zonaroja.com.mx\/index.php?rest_route=%2Fwp%2Fv2%2Fmedia&parent=11296"}],"wp:term":[{"taxonomy":"category","embeddable":true,"href":"https:\/\/zonaroja.com.mx\/index.php?rest_route=%2Fwp%2Fv2%2Fcategories&post=11296"},{"taxonomy":"post_tag","embeddable":true,"href":"https:\/\/zonaroja.com.mx\/index.php?rest_route=%2Fwp%2Fv2%2Ftags&post=11296"}],"curies":[{"name":"wp","href":"https:\/\/api.w.org\/{rel}","templated":true}]}}