{"id":11302,"date":"2020-04-18T19:42:05","date_gmt":"2020-04-19T00:42:05","guid":{"rendered":"http:\/\/www.zonaroja.com.mx\/?p=11302"},"modified":"2020-04-18T19:42:09","modified_gmt":"2020-04-19T00:42:09","slug":"familia-de-itzel-marcha-para-exigir-busqueda-fiscalia-cierra-puertas","status":"publish","type":"post","link":"https:\/\/zonaroja.com.mx\/?p=11302","title":{"rendered":"Familia de Itzel marcha para exigir b\u00fasqueda; Fiscal\u00eda cierra puertas"},"content":{"rendered":"\n<p>Yuridiana Sosa\/Zona Roja.<\/p>\n\n\n\n<p>San Juan Bautista Tuxtepec, Oax., 18 de\nabril de 2020.- El dolor por no saber del paradero de su hija, hermana,\nsobrina, amiga desde hace cuatro d\u00edas rebasa toda contingencia, as\u00ed sea por el\ncoronavirus.<\/p>\n\n\n\n<p>La ausencia de Itzel Gonz\u00e1lez Gonz\u00e1lez, una joven estudiante  de enfermer\u00eda, de 20 a\u00f1os de edad, quien fue vista por \u00faltima vez el pasado 14 de abril en la colonia Grajales de Tuxtepec, movi\u00f3 a su familia y amigos para exigir justicia.<\/p>\n\n\n\n<p>La contingencia por el Covid-19 no los\ndetiene, para ellos hay prioridades.<\/p>\n\n\n\n<p>La tarde de este s\u00e1bado, desesperados por no tener avances de la Fiscal\u00eda General de Oaxaca sobre la localizaci\u00f3n de Itzel, sus padres, familiares y amigos marcharon para exigir justicia y su pronto regreso.<\/p>\n\n\n\n<figure class=\"wp-block-image\"><img decoding=\"async\" width=\"640\" height=\"418\" src=\"http:\/\/www.zonaroja.com.mx\/wp-content\/uploads\/2020\/04\/Itzel-Tuxtepec-1.jpg\" alt=\"\" class=\"wp-image-11304\" srcset=\"https:\/\/zonaroja.com.mx\/wp-content\/uploads\/2020\/04\/Itzel-Tuxtepec-1.jpg 640w, https:\/\/zonaroja.com.mx\/wp-content\/uploads\/2020\/04\/Itzel-Tuxtepec-1-300x196.jpg 300w, https:\/\/zonaroja.com.mx\/wp-content\/uploads\/2020\/04\/Itzel-Tuxtepec-1-585x382.jpg 585w\" sizes=\"(max-width: 640px) 100vw, 640px\" \/><\/figure>\n\n\n\n<p>\u201cNo es cualquier marcha\u201d, gritaron en su camino al Centro de Justicia ubicado en la colonia Granada, en la periferia de la ciudad.<\/p>\n\n\n\n<p>Protegidos con cubrebocas y cartulinas\ncon leyendas a favor de la localizaci\u00f3n de la joven, los familiares arribaron\nal inmueble de justicia, donde un trabajador del lugar cerr\u00f3 la reja de acceso\nal percatarse del contingente, no mayor a 15 personas.<\/p>\n\n\n\n<p>\u201c\u00a1Justicia, queremos justicia!\u201d, gritaron entre l\u00e1grimas, una de ellas la t\u00eda. Pero se toparon con el cierre de la puerta. \u201c\u00a1Queremos justicia, esc\u00fachenos por favorcito!\u201d. \u201c\u00a1Ojal\u00e1 que alg\u00fan d\u00eda no tengan a un familiar en estas situaciones, ojal\u00e1 nunca est\u00e9n en esa necesidad de pedir justicia!\u201d, reclamaron.<\/p>\n\n\n\n<p>Sus padres, originarios del municipio de\nUxpanapa, Veracruz, han cambiado de manera provisional su residencia a Tuxtepec\npara estar al tanto de la b\u00fasqueda de su hija, quien arrib\u00f3 a esta ciudad para\ncursar la licenciatura en Enfermer\u00eda en la Universidad del Papaloapan (UNPA).<\/p>\n\n\n\n<p>Itzel es una de las 11 j\u00f3venes mujeres que fueron reportadas como desaparecidas en el transcurso de una semana.<\/p>\n\n\n\n<figure class=\"wp-block-embed-twitter wp-block-embed is-type-rich is-provider-twitter\"><div class=\"wp-block-embed__wrapper\">\n<div class=\"twitter-tweet\"><blockquote class=\"twitter-tweet\" data-lang=\"es\"><p lang=\"es\" dir=\"ltr\"><a href=\"https:\/\/twitter.com\/hashtag\/%C3%9AltimoMinuto?src=hash&amp;ref_src=twsrc%5Etfw\">#\u00daltimoMinuto<\/a> <br>As\u00ed la procuraci\u00f3n de justicia de la <a href=\"https:\/\/twitter.com\/FISCALIA_GobOax?ref_src=twsrc%5Etfw\">@FISCALIA_GobOax<\/a>. La familia de Itzel march\u00f3 hoy en Tuxtepec para exigir se agilice la b\u00fasqueda de la joven estudiante de enfermer\u00eda, desaparecida desde el martes pasado, pero les cerraron las puertas.<br>Video: <a href=\"https:\/\/twitter.com\/ELPINERO?ref_src=twsrc%5Etfw\">@ELPINERO<\/a> <a href=\"https:\/\/t.co\/4bOioesAl8\">pic.twitter.com\/4bOioesAl8<\/a><\/p>&mdash; Zona Roja Oaxaca (@MexRoja) <a href=\"https:\/\/twitter.com\/MexRoja\/status\/1251657226567090176?ref_src=twsrc%5Etfw\">18 de abril de 2020<\/a><\/blockquote><\/div>\n<\/div><\/figure>\n","protected":false},"excerpt":{"rendered":"<p>Yuridiana Sosa\/Zona Roja. San Juan Bautista Tuxtepec, Oax., 18 de abril de 2020.- El dolor&hellip;<\/p>\n","protected":false},"author":2,"featured_media":11303,"comment_status":"closed","ping_status":"open","sticky":false,"template":"","format":"standard","meta":{"_lmt_disableupdate":"","_lmt_disable":"","_jetpack_memberships_contains_paid_content":false,"footnotes":""},"categories":[109,47],"tags":[1629],"class_list":["post-11302","post","type-post","status-publish","format-standard","has-post-thumbnail","hentry","category-minuto-a-minuto","category-zona-gris","tag-itzel-gonzalez-gonzalez"],"jetpack_featured_media_url":"https:\/\/zonaroja.com.mx\/wp-content\/uploads\/2020\/04\/Itzel-Tuxtepec-2.jpg","jetpack_sharing_enabled":true,"_links":{"self":[{"href":"https:\/\/zonaroja.com.mx\/index.php?rest_route=\/wp\/v2\/posts\/11302","targetHints":{"allow":["GET"]}}],"collection":[{"href":"https:\/\/zonaroja.com.mx\/index.php?rest_route=\/wp\/v2\/posts"}],"about":[{"href":"https:\/\/zonaroja.com.mx\/index.php?rest_route=\/wp\/v2\/types\/post"}],"author":[{"embeddable":true,"href":"https:\/\/zonaroja.com.mx\/index.php?rest_route=\/wp\/v2\/users\/2"}],"replies":[{"embeddable":true,"href":"https:\/\/zonaroja.com.mx\/index.php?rest_route=%2Fwp%2Fv2%2Fcomments&post=11302"}],"version-history":[{"count":1,"href":"https:\/\/zonaroja.com.mx\/index.php?rest_route=\/wp\/v2\/posts\/11302\/revisions"}],"predecessor-version":[{"id":11305,"href":"https:\/\/zonaroja.com.mx\/index.php?rest_route=\/wp\/v2\/posts\/11302\/revisions\/11305"}],"wp:featuredmedia":[{"embeddable":true,"href":"https:\/\/zonaroja.com.mx\/index.php?rest_route=\/wp\/v2\/media\/11303"}],"wp:attachment":[{"href":"https:\/\/zonaroja.com.mx\/index.php?rest_route=%2Fwp%2Fv2%2Fmedia&parent=11302"}],"wp:term":[{"taxonomy":"category","embeddable":true,"href":"https:\/\/zonaroja.com.mx\/index.php?rest_route=%2Fwp%2Fv2%2Fcategories&post=11302"},{"taxonomy":"post_tag","embeddable":true,"href":"https:\/\/zonaroja.com.mx\/index.php?rest_route=%2Fwp%2Fv2%2Ftags&post=11302"}],"curies":[{"name":"wp","href":"https:\/\/api.w.org\/{rel}","templated":true}]}}