{"id":11316,"date":"2020-04-19T09:28:21","date_gmt":"2020-04-19T14:28:21","guid":{"rendered":"http:\/\/www.zonaroja.com.mx\/?p=11316"},"modified":"2020-04-19T09:28:38","modified_gmt":"2020-04-19T14:28:38","slug":"se-quedaron-para-apoyar-a-pacientes-reconocen-a-pasantes-de-medicina","status":"publish","type":"post","link":"https:\/\/zonaroja.com.mx\/?p=11316","title":{"rendered":"\u00a1Se quedaron para apoyar a pacientes! Reconocen a pasantes de Medicina"},"content":{"rendered":"\n<p>Ismael Garc\u00eda M.\/Zona Roja.<\/p>\n\n\n\n<p>Oaxaca de Ju\u00e1rez, Oax., 19 de abril de\n2020.- Son 10 hombres y mujeres de la Facultad de Medicina y Cirug\u00eda de la\nUABJO que decidieron quedarse en su internado de pregrado para luchar contra el\nCovid-19 desde los hospitales.<\/p>\n\n\n\n<p>La semana pasada, diversas instituciones\nuniversitarias determinaron retirar a sus pasantes, ante las escasas\ncondiciones de seguridad en los nosocomios para prestar su servicio, en medio\nde la contingencia sanitaria.<\/p>\n\n\n\n<p>Sin embargo, M\u00edriam Camarillo Dolores, David\nFernando Ju\u00e1rez Alcal\u00e1, Esteban Cruz Bola\u00f1os, Samuel Enrique Vega Flori\u00e1n,\nJuana Laura Agust\u00edn Mestas, Octavio Manuel Corres Pombo, Viridiana \u00c1ngeles\nBaloes, Esabi S\u00e1nchez Mart\u00ednez, Isa\u00ed Ruiz Hern\u00e1ndez y Kimberly Santiago\nJim\u00e9nez, tomaron la decisi\u00f3n de seguir.<\/p>\n\n\n\n<p>Seis de ellos se mantienen en el\nHospital General \u201cDr. Aurelio Valdivieso\u201d de la ciudad de Oaxaca, tres en el\nHospital de San Pablo Huixtepec, Zimatl\u00e1n, y uno m\u00e1s en el Hospital General de\nM\u00e9xico.<\/p>\n\n\n\n<p>El rector de la Universidad Aut\u00f3noma \u201cBenito Ju\u00e1rez\u201d de Oaxaca (UABJO), Eduardo Mart\u00ednez Bautista, fue el primero en reconocer el valor y esfuerzo de los estudiantes, para enfrentar la contingencia sanitaria al lado de miles de m\u00e9dicos y enfermeras en el pa\u00eds.<\/p>\n\n\n\n<figure class=\"wp-block-embed-twitter wp-block-embed is-type-rich is-provider-twitter\"><div class=\"wp-block-embed__wrapper\">\n<div class=\"twitter-tweet\"><blockquote class=\"twitter-tweet\" data-lang=\"es\"><p lang=\"es\" dir=\"ltr\">La <a href=\"https:\/\/twitter.com\/UABJO?ref_src=twsrc%5Etfw\">@UABJO<\/a> reconoce el compromiso de sus M\u00e9dicos Internos de Pregrado de la Fac de Medicina y Cirug\u00eda que decidieron seguir con su labor de forma voluntaria en los Hospitales, Aurelio Valdivieso, San Pablo Huixtepec y General de M\u00e9xico, ante la contingencia sanitaria por Covid 19 <a href=\"https:\/\/t.co\/OuKy1Gwips\">pic.twitter.com\/OuKy1Gwips<\/a><\/p>&mdash; Comunicaci\u00f3nUABJO (@comunica_UABJO) <a href=\"https:\/\/twitter.com\/comunica_UABJO\/status\/1251674399746506753?ref_src=twsrc%5Etfw\">19 de abril de 2020<\/a><\/blockquote><\/div>\n<\/div><\/figure>\n\n\n\n<p>TAMBI\u00c9N HOSPITAL CIVIL<\/p>\n\n\n\n<p>\u201cEl amor a sus semejantes y la \u00e9tica profesional\nson valores universales que definen la personalidad de los seres humanos, son\npersonas que en los momentos dif\u00edciles lejos de amedrentarse ante el peligro,\ncual guerreros invencibles deciden enfrentarlo sin importar las consecuencias,\nsimplemente los lleva el deseo de servir a la sociedad y evitar el sufrimiento\nde los seres humanos\u201d.<\/p>\n\n\n\n<p>As\u00ed reconocieron los directivos y\npersonal del Hospital General \u201cDr. Aurelio Valdivieso\u201d a los 10 j\u00f3venes\nvalientes.<\/p>\n\n\n\n<p>\u201cEl pueblo de Oaxaca debe sentirse\norgulloso de contar con&nbsp; este tipo de\nprofesionales, tal es el caso de nueve j\u00f3venes m\u00e9dicos internos de pregrado que\na pesar de recomendaciones de las instancias de salud federal&nbsp; para que se retiraran de los centros\nhospitalarios con la finalidad de protegerlos de un posible contagio del coronavirus\nCovid-19 decidieron de forma voluntaria continuar con sus actividades eximiendo\na las autoridades de toda responsabilidad\u201d, difundi\u00f3 a trav\u00e9s de las redes\nsociales.<\/p>\n\n\n\n<p>\u201cEn el Hospital General \u2018Dr. Aurelio\nValdivieso\u2019 nos sentimos orgullosos de tener entre nuestras filas a: Esteban\nCruz Bola\u00f1os, Octavio Manuel Corres Pombo, David Fernando Ju\u00e1rez Alcal\u00e1, M\u00edriam\nCamarillo Colores ,Samuel Enrique Vega Flori\u00e1n y Juana Laura Agust\u00edn Mejia su\ndecisi\u00f3n de permanecer en los servicios&nbsp;\nhospitalarios confirma que los profesores titulares del Hospital est\u00e1n\nhaciendo bien su trabajo, que es la de forjar recursos humanos para la salud\ncon excelencia acad\u00e9mica y \u00e9tica profesional intachable\u201d, difundi\u00f3.<\/p>\n\n\n\n<p>Felicitaron tambi\u00e9n a los m\u00e9dicos internos del Hospital General \u201cDr. Manuel Velasco Su\u00e1rez\u201d de San Pablo Huixtepec, Viridiana \u00c1ngeles Baloes, Ezabi S\u00e1nchez Mart\u00ednez y Paola Jazzyel Garc\u00eda Ram\u00edrez, por la decisi\u00f3n que tomaron para contribuir con su unidad hospitalaria de brindar atenci\u00f3n m\u00e9dica\u00a0 quien m\u00e1s lo necesite.<\/p>\n\n\n\n<figure class=\"wp-block-image\"><img decoding=\"async\" width=\"1024\" height=\"768\" src=\"http:\/\/www.zonaroja.com.mx\/wp-content\/uploads\/2020\/04\/Pasantes-Medicina-2-1024x768.jpg\" alt=\"\" class=\"wp-image-11318\" srcset=\"https:\/\/zonaroja.com.mx\/wp-content\/uploads\/2020\/04\/Pasantes-Medicina-2-1024x768.jpg 1024w, https:\/\/zonaroja.com.mx\/wp-content\/uploads\/2020\/04\/Pasantes-Medicina-2-300x225.jpg 300w, https:\/\/zonaroja.com.mx\/wp-content\/uploads\/2020\/04\/Pasantes-Medicina-2-768x576.jpg 768w, https:\/\/zonaroja.com.mx\/wp-content\/uploads\/2020\/04\/Pasantes-Medicina-2-1170x878.jpg 1170w, https:\/\/zonaroja.com.mx\/wp-content\/uploads\/2020\/04\/Pasantes-Medicina-2-585x439.jpg 585w, https:\/\/zonaroja.com.mx\/wp-content\/uploads\/2020\/04\/Pasantes-Medicina-2.jpg 1280w\" sizes=\"(max-width: 1024px) 100vw, 1024px\" \/><\/figure>\n\n\n\n<p>La subdirectora de Ense\u00f1anza, Calidad e\nInvestigaci\u00f3n del Hospital General \u201cDr. Aurelio Valdivieso\u201d Gema Hern\u00e0ndez\nBernardino, indic\u00f3 que los m\u00e9dicos internos de esa instituci\u00f3n no estar\u00e1n en el\n\u00e1rea de atenci\u00f3n al Covid-19, sino que fueron asignados a los servicios de pediatr\u00eda\ny tococirug\u00eda, desde donde continuaran con su formaci\u00f3n profesional y\ncoadyuvando con el Hospital Civil en la atenci\u00f3n&nbsp; medica a la sociedad oaxaque\u00f1a en estos\nmomentos dif\u00edciles provocados por Coronavirus.<\/p>\n\n\n\n<p>Indic\u00f3 que los m\u00e9dicos Internos de pregrado\nson estudiantes de la Facultad de Medicina y Cirug\u00eda de la Universidad Aut\u00f3noma\n\u201cBenito Ju\u00e1rez\u201d de Oaxaca, \u201clugar donde sin duda alguna recibieron principios y\nvalores \u00e9ticos profesionales que los llevaron a tomar esta importante decisi\u00f3n\nque los hace \u00fanicos y diferentes\u201d.<\/p>\n\n\n\n<p>\u201cFelicidades, no dudamos que la sociedad\nsabr\u00e1 reconocer este noble gesto.<\/p>\n\n\n\n<p>Un reconocimiento a sus padres por\nformar a sus hijos con intachables valores morales\u201d.<\/p>\n","protected":false},"excerpt":{"rendered":"<p>Ismael Garc\u00eda M.\/Zona Roja. Oaxaca de Ju\u00e1rez, Oax., 19 de abril de 2020.- Son 10&hellip;<\/p>\n","protected":false},"author":2,"featured_media":11317,"comment_status":"closed","ping_status":"open","sticky":false,"template":"","format":"standard","meta":{"_lmt_disableupdate":"","_lmt_disable":"","_jetpack_memberships_contains_paid_content":false,"footnotes":""},"categories":[109,46],"tags":[1630],"class_list":["post-11316","post","type-post","status-publish","format-standard","has-post-thumbnail","hentry","category-minuto-a-minuto","category-zona-blanca","tag-estudiantes-pregrado-uabjo"],"jetpack_featured_media_url":"https:\/\/zonaroja.com.mx\/wp-content\/uploads\/2020\/04\/Pasantes-Medicina-1.jpg","jetpack_sharing_enabled":true,"_links":{"self":[{"href":"https:\/\/zonaroja.com.mx\/index.php?rest_route=\/wp\/v2\/posts\/11316","targetHints":{"allow":["GET"]}}],"collection":[{"href":"https:\/\/zonaroja.com.mx\/index.php?rest_route=\/wp\/v2\/posts"}],"about":[{"href":"https:\/\/zonaroja.com.mx\/index.php?rest_route=\/wp\/v2\/types\/post"}],"author":[{"embeddable":true,"href":"https:\/\/zonaroja.com.mx\/index.php?rest_route=\/wp\/v2\/users\/2"}],"replies":[{"embeddable":true,"href":"https:\/\/zonaroja.com.mx\/index.php?rest_route=%2Fwp%2Fv2%2Fcomments&post=11316"}],"version-history":[{"count":1,"href":"https:\/\/zonaroja.com.mx\/index.php?rest_route=\/wp\/v2\/posts\/11316\/revisions"}],"predecessor-version":[{"id":11319,"href":"https:\/\/zonaroja.com.mx\/index.php?rest_route=\/wp\/v2\/posts\/11316\/revisions\/11319"}],"wp:featuredmedia":[{"embeddable":true,"href":"https:\/\/zonaroja.com.mx\/index.php?rest_route=\/wp\/v2\/media\/11317"}],"wp:attachment":[{"href":"https:\/\/zonaroja.com.mx\/index.php?rest_route=%2Fwp%2Fv2%2Fmedia&parent=11316"}],"wp:term":[{"taxonomy":"category","embeddable":true,"href":"https:\/\/zonaroja.com.mx\/index.php?rest_route=%2Fwp%2Fv2%2Fcategories&post=11316"},{"taxonomy":"post_tag","embeddable":true,"href":"https:\/\/zonaroja.com.mx\/index.php?rest_route=%2Fwp%2Fv2%2Ftags&post=11316"}],"curies":[{"name":"wp","href":"https:\/\/api.w.org\/{rel}","templated":true}]}}