{"id":11320,"date":"2020-04-19T10:03:59","date_gmt":"2020-04-19T15:03:59","guid":{"rendered":"http:\/\/www.zonaroja.com.mx\/?p=11320"},"modified":"2020-04-19T10:04:02","modified_gmt":"2020-04-19T15:04:02","slug":"muere-joven-atacado-a-balazos-en-tuxtepec-suman-dos-asesinados","status":"publish","type":"post","link":"https:\/\/zonaroja.com.mx\/?p=11320","title":{"rendered":"Muere joven atacado a balazos en Tuxtepec; suman dos asesinados"},"content":{"rendered":"\n<p>Redacci\u00f3n\/Zona Roja.<\/p>\n\n\n\n<p>Oaxaca de Ju\u00e1rez, Oax., 19 de abril de\n2020.- El joven atacado a balazos anoche en San Juan Bautista Tuxtepec, perdi\u00f3\nla vida la madrugada de este domingo a causa de la gravedad de las heridas.<\/p>\n\n\n\n<p>Se trata de \u00d3scar Lozano Manzano, de 28\na\u00f1os, miembro de la comunidad LGTB+, atacado en una taquer\u00eda \u201cEl Chino\u201d junto con\nsu acompa\u00f1ante, Daniel R. G., de 23 a\u00f1os de edad, quien result\u00f3 con lesiones\nmenores.<\/p>\n\n\n\n<p>Los hechos sucedieron en el bulevar Plan\nde Tuxtepec, en inmediaciones del paraje \u201cEl Borrego\u201d y hasta el momento no hay\npersonas detenidas.<\/p>\n\n\n\n<p>Por otra parte, la persona asesinada\nanoche en Huajuapan de Le\u00f3n fue identificada como Marco \u00c1ngel B. M., de 31 a\u00f1os\nde edad, quien fue atacada alrededor de las 20:00 horas en inmediaciones de la\ncolonia Sina\u00ed, cerca de la carretera que conduce a Mariscala de Ju\u00e1rez.<\/p>\n\n\n\n<p>Tambi\u00e9n en este caso, no hay personas\ndetenidas.<\/p>\n\n\n\n<p>En tanto, en Santo Domingo Tehuantepec\nfue reportado el asesinato esta madrugada de una persona del sexo masculino en un\ntaxi de la comunidad Rinc\u00f3n Bamba, situaci\u00f3n que no ha sido confirmada por las\nautoridades.<\/p>\n","protected":false},"excerpt":{"rendered":"<p>Redacci\u00f3n\/Zona Roja. Oaxaca de Ju\u00e1rez, Oax., 19 de abril de 2020.- El joven atacado a&hellip;<\/p>\n","protected":false},"author":2,"featured_media":7486,"comment_status":"closed","ping_status":"open","sticky":false,"template":"","format":"standard","meta":{"_lmt_disableupdate":"","_lmt_disable":"","_jetpack_memberships_contains_paid_content":false,"footnotes":""},"categories":[109,51],"tags":[964],"class_list":["post-11320","post","type-post","status-publish","format-standard","has-post-thumbnail","hentry","category-minuto-a-minuto","category-zona-roja","tag-violencia-oaxaca"],"jetpack_featured_media_url":"https:\/\/zonaroja.com.mx\/wp-content\/uploads\/2020\/01\/Escena-del-crimen7.jpg","jetpack_sharing_enabled":true,"_links":{"self":[{"href":"https:\/\/zonaroja.com.mx\/index.php?rest_route=\/wp\/v2\/posts\/11320","targetHints":{"allow":["GET"]}}],"collection":[{"href":"https:\/\/zonaroja.com.mx\/index.php?rest_route=\/wp\/v2\/posts"}],"about":[{"href":"https:\/\/zonaroja.com.mx\/index.php?rest_route=\/wp\/v2\/types\/post"}],"author":[{"embeddable":true,"href":"https:\/\/zonaroja.com.mx\/index.php?rest_route=\/wp\/v2\/users\/2"}],"replies":[{"embeddable":true,"href":"https:\/\/zonaroja.com.mx\/index.php?rest_route=%2Fwp%2Fv2%2Fcomments&post=11320"}],"version-history":[{"count":1,"href":"https:\/\/zonaroja.com.mx\/index.php?rest_route=\/wp\/v2\/posts\/11320\/revisions"}],"predecessor-version":[{"id":11321,"href":"https:\/\/zonaroja.com.mx\/index.php?rest_route=\/wp\/v2\/posts\/11320\/revisions\/11321"}],"wp:featuredmedia":[{"embeddable":true,"href":"https:\/\/zonaroja.com.mx\/index.php?rest_route=\/wp\/v2\/media\/7486"}],"wp:attachment":[{"href":"https:\/\/zonaroja.com.mx\/index.php?rest_route=%2Fwp%2Fv2%2Fmedia&parent=11320"}],"wp:term":[{"taxonomy":"category","embeddable":true,"href":"https:\/\/zonaroja.com.mx\/index.php?rest_route=%2Fwp%2Fv2%2Fcategories&post=11320"},{"taxonomy":"post_tag","embeddable":true,"href":"https:\/\/zonaroja.com.mx\/index.php?rest_route=%2Fwp%2Fv2%2Ftags&post=11320"}],"curies":[{"name":"wp","href":"https:\/\/api.w.org\/{rel}","templated":true}]}}