{"id":11322,"date":"2020-04-19T12:02:15","date_gmt":"2020-04-19T17:02:15","guid":{"rendered":"http:\/\/www.zonaroja.com.mx\/?p=11322"},"modified":"2020-04-19T12:05:37","modified_gmt":"2020-04-19T17:05:37","slug":"feminista-cuestionan-mayor-rigor-de-la-ley-en-saqueos-que-atencion-a-feminicidios","status":"publish","type":"post","link":"https:\/\/zonaroja.com.mx\/?p=11322","title":{"rendered":"Feministas cuestionan mayor rigor de la ley en saqueos que atenci\u00f3n a feminicidios"},"content":{"rendered":"\n<p>Evlin Arag\u00f3n\/Zona Roja.  Foto: Archivo<\/p>\n\n\n\n<p>Oaxaca de Ju\u00e1rez, Oax., 19 de abril de\n2020.- Colectivos y grupos feministas cuestionaron que la Fiscal\u00eda General del\nEstado de Oaxaca muestre mayor inter\u00e9s por sancionar a quienes inciten a\ncometer robos y saqueos mediante las redes sociales, que a quienes cometan\ndelitos por raz\u00f3n de g\u00e9nero, como es la violencia dom\u00e9stica y los\nfeminicidios.&nbsp; <\/p>\n\n\n\n<p>En sus redes sociales, la Fiscal\u00eda a cargo de Rub\u00e9n Vasconcelos M\u00e9ndez ha iniciado una campa\u00f1a de difusi\u00f3n para dar a conocer que se castiga hasta con 15 a\u00f1os de c\u00e1rcel a las personas que inciten a cometer robos y saqueos en centros comerciales.<\/p>\n\n\n\n<p>Ello ante la amenaza que el viernes provoc\u00f3\nque la Secretar\u00eda de Seguridad P\u00fablica intensificara patrullajes y vigilancia\nen inmediaciones de diversos establecimientos, ubicados en la ciudad de Oaxaca y\nzona conurbada.<\/p>\n\n\n\n<p>Por lo anterior, la instancia procuradora de justicia fue criticada por los colectivos feministas, quienes a trav\u00e9s de las mismas redes sociales reprocharon que empresas que no garantizan los derechos de su personal sea mayormente protegida por las autoridades, a diferencia de las mujeres que enfrentan la violencia en su contra en plena contingencia sanitaria.<\/p>\n\n\n\n<p>\u201cA la Fiscal\u00eda General del Estado de\nOaxaca le es m\u00e1s importante proteger a las empresas (Sam&#8217;s, Walmart, Chedraui,\nSoriana, Coppel, Elektra, etc.) qu\u00e9 se han enriquecido a costa de emplear con\nsalarios miserables a mujeres y hombres, sin las condiciones justas para las y\nlos trabajadores\u201d, cita el comunicado emitido.<\/p>\n\n\n\n<p>En este sentido, le preguntaron de forma\ndirecta al fiscal Rub\u00e9n Vasconcelos si con el mismo empe\u00f1o realiza campa\u00f1as\npara la b\u00fasqueda de j\u00f3venes desaparecidas &#8211;que se dan por decenas en la\nentidad de forma mensual&#8211; o para localizar a violadores y feminicidas y\nllevarlos ante los juzgados a fin de recibir las sanciones correspondientes.<\/p>\n\n\n\n<p>Tambi\u00e9n cuestionaron si con el mismo\nempe\u00f1o ha llevado a cabo el debido proceso de investigaci\u00f3n en los casos de\nfeminicidios, si se ha reunido con las madres e hijas v\u00edctimas de este mismo\ndelito y de forma particular los resultados del trabajo de la Fiscal\u00eda\nEspecializada en Delitos Cometidos Contra la Mujer por Raz\u00f3n de G\u00e9nero.<\/p>\n\n\n\n<p>\u201cNosotras las mujeres de Oaxaca le\nexigimos no s\u00f3lo respuestas, sino acciones contundentes en la investigaci\u00f3n de\ntodos y cada uno de los feminicidios. No queremos m\u00e1s simulaciones, fotograf\u00edas\ny notas en los medios de comunicaci\u00f3n y redes sociales en donde expresa un\ntrabajo que no hace\u201d, manifestaron.<\/p>\n\n\n\n<p>Recordaron que durante este periodo de\ncontingencia sanitaria y debido al llamado a quedarse en casa, muchas mujeres\nse enfrentan a la convivencia diaria con sus agresores, raz\u00f3n que deber\u00eda\nobligar a las autoridades a redoblar esfuerzos para garantizar una vida libre\nde violencia.<\/p>\n\n\n\n<p>As\u00ed mismo, indicaron que la verdadera\npandemia en Oaxaca es el machismo, la mis\u00f3gina y la omisi\u00f3n por parte de las\nautoridades, en especial de la Fiscal\u00eda que se ha quedado corta en garantizarle\njusticia a las mujeres.<\/p>\n","protected":false},"excerpt":{"rendered":"<p>Evlin Arag\u00f3n\/Zona Roja. Foto: Archivo Oaxaca de Ju\u00e1rez, Oax., 19 de abril de 2020.- Colectivos&hellip;<\/p>\n","protected":false},"author":2,"featured_media":9578,"comment_status":"closed","ping_status":"open","sticky":false,"template":"","format":"standard","meta":{"_lmt_disableupdate":"","_lmt_disable":"","_jetpack_memberships_contains_paid_content":false,"footnotes":""},"categories":[109,47],"tags":[494],"class_list":["post-11322","post","type-post","status-publish","format-standard","has-post-thumbnail","hentry","category-minuto-a-minuto","category-zona-gris","tag-fiscalia-general-del-estado-de-oaxaca"],"jetpack_featured_media_url":"https:\/\/zonaroja.com.mx\/wp-content\/uploads\/2020\/03\/Protesta-feministas-Fiscal\u00eda-Oaxaca.jpg","jetpack_sharing_enabled":true,"_links":{"self":[{"href":"https:\/\/zonaroja.com.mx\/index.php?rest_route=\/wp\/v2\/posts\/11322","targetHints":{"allow":["GET"]}}],"collection":[{"href":"https:\/\/zonaroja.com.mx\/index.php?rest_route=\/wp\/v2\/posts"}],"about":[{"href":"https:\/\/zonaroja.com.mx\/index.php?rest_route=\/wp\/v2\/types\/post"}],"author":[{"embeddable":true,"href":"https:\/\/zonaroja.com.mx\/index.php?rest_route=\/wp\/v2\/users\/2"}],"replies":[{"embeddable":true,"href":"https:\/\/zonaroja.com.mx\/index.php?rest_route=%2Fwp%2Fv2%2Fcomments&post=11322"}],"version-history":[{"count":2,"href":"https:\/\/zonaroja.com.mx\/index.php?rest_route=\/wp\/v2\/posts\/11322\/revisions"}],"predecessor-version":[{"id":11324,"href":"https:\/\/zonaroja.com.mx\/index.php?rest_route=\/wp\/v2\/posts\/11322\/revisions\/11324"}],"wp:featuredmedia":[{"embeddable":true,"href":"https:\/\/zonaroja.com.mx\/index.php?rest_route=\/wp\/v2\/media\/9578"}],"wp:attachment":[{"href":"https:\/\/zonaroja.com.mx\/index.php?rest_route=%2Fwp%2Fv2%2Fmedia&parent=11322"}],"wp:term":[{"taxonomy":"category","embeddable":true,"href":"https:\/\/zonaroja.com.mx\/index.php?rest_route=%2Fwp%2Fv2%2Fcategories&post=11322"},{"taxonomy":"post_tag","embeddable":true,"href":"https:\/\/zonaroja.com.mx\/index.php?rest_route=%2Fwp%2Fv2%2Ftags&post=11322"}],"curies":[{"name":"wp","href":"https:\/\/api.w.org\/{rel}","templated":true}]}}