{"id":11329,"date":"2020-04-19T13:11:19","date_gmt":"2020-04-19T18:11:19","guid":{"rendered":"http:\/\/www.zonaroja.com.mx\/?p=11329"},"modified":"2020-04-19T13:11:36","modified_gmt":"2020-04-19T18:11:36","slug":"varados-mas-de-2-mil-mexicanos-en-el-mundo-por-covid-19-sre","status":"publish","type":"post","link":"https:\/\/zonaroja.com.mx\/?p=11329","title":{"rendered":"Varados, m\u00e1s de 2 mil mexicanos en el mundo por Covid-19: SRE"},"content":{"rendered":"\n<p>Redacci\u00f3n\/Zona Roja Cdmx.<\/p>\n\n\n\n<p>Ciudad de M\u00e9xico., 19 de abril de 2020.-\nHasta ayer, nueve mil 942 personas han repatriados a M\u00e9xico mientras que dos\nmil 927 siguen varadas en diversos pa\u00edses por las restricciones de viajes tras\nla pandemia del coronavirus-covid-19.<\/p>\n\n\n\n<p>As\u00ed lo inform\u00f3 a \u201cMilenio\u201d Roberto\nVelasco \u00c1lvarez, director general de comunicaci\u00f3n social de la Secretar\u00eda de\nRelaciones Exteriores. <\/p>\n\n\n\n<p>En la red social Twitter, el funcionario\ndio a conocer un mapa explicando la procedencia de los mexicanos repatriados\ndestacando Espa\u00f1a, con 560 personas; Per\u00fa, 306; Alemania, 227; Francia, 225 y\nBrasil, 107.<\/p>\n\n\n\n<p>De acuerdo con la informaci\u00f3n de \u201cMilenio\u201d,\ndel total de personas varadas en el extranjero, 985 mexicanos est\u00e1n en lugares\ncon presencia de vuelos comerciales, 796 est\u00e1n en pa\u00edses con vuelos parciales y\nmil 146 en lugares sin presencia de vuelos comerciales. <\/p>\n\n\n\n<p>\u00abActualizaci\u00f3n diaria de mexicanas\ny mexicanos registrados como varados en el exterior. 9,942 retornados hasta el\ncorte. 1,146 connacionales permanecen en pa\u00edses sin disponibilidad de vuelos\ncomerciales. Seguimos trabajando 24 horas al d\u00eda para buscar soluciones\u00bb,\nescribi\u00f3 Velazco \u00c1lvarez.<\/p>\n","protected":false},"excerpt":{"rendered":"<p>Redacci\u00f3n\/Zona Roja Cdmx. Ciudad de M\u00e9xico., 19 de abril de 2020.- Hasta ayer, nueve mil&hellip;<\/p>\n","protected":false},"author":2,"featured_media":11330,"comment_status":"closed","ping_status":"open","sticky":false,"template":"","format":"standard","meta":{"_lmt_disableupdate":"","_lmt_disable":"","_jetpack_memberships_contains_paid_content":false,"footnotes":""},"categories":[109,47],"tags":[1328],"class_list":["post-11329","post","type-post","status-publish","format-standard","has-post-thumbnail","hentry","category-minuto-a-minuto","category-zona-gris","tag-coronavirus-mexico"],"jetpack_featured_media_url":"https:\/\/zonaroja.com.mx\/wp-content\/uploads\/2020\/04\/varados-aeropuertos.jpg","jetpack_sharing_enabled":true,"_links":{"self":[{"href":"https:\/\/zonaroja.com.mx\/index.php?rest_route=\/wp\/v2\/posts\/11329","targetHints":{"allow":["GET"]}}],"collection":[{"href":"https:\/\/zonaroja.com.mx\/index.php?rest_route=\/wp\/v2\/posts"}],"about":[{"href":"https:\/\/zonaroja.com.mx\/index.php?rest_route=\/wp\/v2\/types\/post"}],"author":[{"embeddable":true,"href":"https:\/\/zonaroja.com.mx\/index.php?rest_route=\/wp\/v2\/users\/2"}],"replies":[{"embeddable":true,"href":"https:\/\/zonaroja.com.mx\/index.php?rest_route=%2Fwp%2Fv2%2Fcomments&post=11329"}],"version-history":[{"count":1,"href":"https:\/\/zonaroja.com.mx\/index.php?rest_route=\/wp\/v2\/posts\/11329\/revisions"}],"predecessor-version":[{"id":11331,"href":"https:\/\/zonaroja.com.mx\/index.php?rest_route=\/wp\/v2\/posts\/11329\/revisions\/11331"}],"wp:featuredmedia":[{"embeddable":true,"href":"https:\/\/zonaroja.com.mx\/index.php?rest_route=\/wp\/v2\/media\/11330"}],"wp:attachment":[{"href":"https:\/\/zonaroja.com.mx\/index.php?rest_route=%2Fwp%2Fv2%2Fmedia&parent=11329"}],"wp:term":[{"taxonomy":"category","embeddable":true,"href":"https:\/\/zonaroja.com.mx\/index.php?rest_route=%2Fwp%2Fv2%2Fcategories&post=11329"},{"taxonomy":"post_tag","embeddable":true,"href":"https:\/\/zonaroja.com.mx\/index.php?rest_route=%2Fwp%2Fv2%2Ftags&post=11329"}],"curies":[{"name":"wp","href":"https:\/\/api.w.org\/{rel}","templated":true}]}}