{"id":11347,"date":"2020-04-20T07:00:51","date_gmt":"2020-04-20T12:00:51","guid":{"rendered":"http:\/\/www.zonaroja.com.mx\/?p=11347"},"modified":"2020-04-19T20:29:46","modified_gmt":"2020-04-20T01:29:46","slug":"respalda-oaxaca-inicio-de-aprende-en-casa-este-lunes","status":"publish","type":"post","link":"https:\/\/zonaroja.com.mx\/?p=11347","title":{"rendered":"Respalda Oaxaca inicio de \u201cAprende en Casa\u201d, este lunes"},"content":{"rendered":"\n<p>Redacci\u00f3n\/Zona Roja.<\/p>\n\n\n\n<p>Oaxaca de Ju\u00e1rez, Oax. 20 de abril de 2020.- El Instituto Estatal de Educaci\u00f3n P\u00fablica de Oaxaca (IEEPO) respalda la iniciativa de la SEP denominada \u201cAprende en casa\u201d, que se iniciar\u00e1 este s\u00e1bado, en tanto se vuelve a las aulas.<\/p>\n\n\n\n<p>El organismo dio a conocer en un comunicado\nque su director general,<\/p>\n\n\n\n<p>Francisco \u00c1ngel Villarreal, particip\u00f3 en\nla XVIII Reuni\u00f3n Nacional Plenaria Extraordinaria del Consejo Nacional de\nAutoridades Educativas (Conaedu), llevada a cabo por videoconferencia.<\/p>\n\n\n\n<p>Lo anterior con la finalidad de analizar\ny acordar acciones para apoyar la educaci\u00f3n ante la emergencia mundial por Covid-19.<\/p>\n\n\n\n<p>El encuentro virtual fue presidido por\nel titular de la Secretar\u00eda de Educaci\u00f3n P\u00fablica (SEP), Esteban Moctezuma\nBarrag\u00e1n, con quien se abordaron temas como la reanudaci\u00f3n, este lunes 20 de\nabril, del programa \u201cAprende en Casa\u201d.<\/p>\n\n\n\n<p>Ello, como se ha hecho desde que se\nanunci\u00f3 del receso escolar el pasado 16 de marzo, as\u00ed como la importancia de la\nintegraci\u00f3n de una Carpeta de Experiencias, para que las y los estudiantes\nrecopilen todos los trabajos y tareas que realicen.<\/p>\n\n\n\n<p>Al respecto, \u00c1ngel Villarreal mencion\u00f3\nque respalda \u00e9sta estrategia de acompa\u00f1amiento implementada, en tanto se\nregresa a las actividades presenciales, toda vez que el prop\u00f3sito es\nprivilegiar la salud y la vida de las y los escolares, del personal educativo y\nsus familias.<\/p>\n\n\n\n<p>Durante la reuni\u00f3n, se detall\u00f3 que con\nla implementaci\u00f3n de \u201cAprende en Casa\u201d, as\u00ed como con el trabajo de\nreforzamiento que realicen los maestros al volver a las aulas, se cumplir\u00e1\nsatisfactoriamente con los aprendizajes esperados para cada ni\u00f1a, ni\u00f1o y\nadolescente del Sistema Educativo Nacional.<\/p>\n\n\n\n<p>La mayor\u00eda de los alumnos del pa\u00eds\ncontinuar\u00e1n reforzando su aprendizaje con el programa, sin dejar de lado a\nquienes por cualquier motivo no accedieron al mismo.<\/p>\n\n\n\n<p>Por lo que se tiene programado un\nperiodo de reforzamiento al regreso a las aulas, a cargo de cada maestra y\nmaestro, para que todos los alumnos cuenten con los aprendizajes fundamentales,\nse enfatiz\u00f3 en la plenaria de la Conaedu.<\/p>\n\n\n\n<p>Con \u201cAprende en Casa\u201d, estrategia del gobierno\nde M\u00e9xico para auxiliar el reforzamiento educativo durante la emergencia\nsanitaria por el Covid-19, se abordan los contenidos integrados en los Libros\nde Texto Gratuitos. <\/p>\n\n\n\n<p>En Oaxaca, se transmite por la\nCorporaci\u00f3n Oaxaque\u00f1a de Radio y Televisi\u00f3n (Cortv), de lunes a viernes, en la\nse\u00f1al del canal 9.1 HD. La programaci\u00f3n completa se puede consultar en las\np\u00e1ginas electr\u00f3nicas www.sep.gob.mx, www.televisioneducativa.gob.mx y en\nonceninos.tv, as\u00ed como la p\u00e1gina web de la Cortv y el IEEPO.<\/p>\n","protected":false},"excerpt":{"rendered":"<p>Redacci\u00f3n\/Zona Roja. Oaxaca de Ju\u00e1rez, Oax. 20 de abril de 2020.- El Instituto Estatal de&hellip;<\/p>\n","protected":false},"author":2,"featured_media":11348,"comment_status":"closed","ping_status":"open","sticky":false,"template":"","format":"standard","meta":{"_lmt_disableupdate":"","_lmt_disable":"","_jetpack_memberships_contains_paid_content":false,"footnotes":""},"categories":[109,46],"tags":[599],"class_list":["post-11347","post","type-post","status-publish","format-standard","has-post-thumbnail","hentry","category-minuto-a-minuto","category-zona-blanca","tag-instituto-estatal-de-educacion-publica-de-oaxaca"],"jetpack_featured_media_url":"https:\/\/zonaroja.com.mx\/wp-content\/uploads\/2020\/04\/IEEPO-2-2.jpg","jetpack_sharing_enabled":true,"_links":{"self":[{"href":"https:\/\/zonaroja.com.mx\/index.php?rest_route=\/wp\/v2\/posts\/11347","targetHints":{"allow":["GET"]}}],"collection":[{"href":"https:\/\/zonaroja.com.mx\/index.php?rest_route=\/wp\/v2\/posts"}],"about":[{"href":"https:\/\/zonaroja.com.mx\/index.php?rest_route=\/wp\/v2\/types\/post"}],"author":[{"embeddable":true,"href":"https:\/\/zonaroja.com.mx\/index.php?rest_route=\/wp\/v2\/users\/2"}],"replies":[{"embeddable":true,"href":"https:\/\/zonaroja.com.mx\/index.php?rest_route=%2Fwp%2Fv2%2Fcomments&post=11347"}],"version-history":[{"count":1,"href":"https:\/\/zonaroja.com.mx\/index.php?rest_route=\/wp\/v2\/posts\/11347\/revisions"}],"predecessor-version":[{"id":11349,"href":"https:\/\/zonaroja.com.mx\/index.php?rest_route=\/wp\/v2\/posts\/11347\/revisions\/11349"}],"wp:featuredmedia":[{"embeddable":true,"href":"https:\/\/zonaroja.com.mx\/index.php?rest_route=\/wp\/v2\/media\/11348"}],"wp:attachment":[{"href":"https:\/\/zonaroja.com.mx\/index.php?rest_route=%2Fwp%2Fv2%2Fmedia&parent=11347"}],"wp:term":[{"taxonomy":"category","embeddable":true,"href":"https:\/\/zonaroja.com.mx\/index.php?rest_route=%2Fwp%2Fv2%2Fcategories&post=11347"},{"taxonomy":"post_tag","embeddable":true,"href":"https:\/\/zonaroja.com.mx\/index.php?rest_route=%2Fwp%2Fv2%2Ftags&post=11347"}],"curies":[{"name":"wp","href":"https:\/\/api.w.org\/{rel}","templated":true}]}}