{"id":11352,"date":"2020-04-20T08:00:23","date_gmt":"2020-04-20T13:00:23","guid":{"rendered":"http:\/\/www.zonaroja.com.mx\/?p=11352"},"modified":"2020-04-19T20:59:28","modified_gmt":"2020-04-20T01:59:28","slug":"ingresos-de-mas-del-60-de-oaxaquenos-no-les-alcanza-para-comer-y-los-envian-a-cuarentena","status":"publish","type":"post","link":"https:\/\/zonaroja.com.mx\/?p=11352","title":{"rendered":"Ingresos de m\u00e1s del 60% de oaxaque\u00f1os no les alcanza para comer y los env\u00edan a cuarentena"},"content":{"rendered":"\n<p>Redacci\u00f3n\/Estado 20.<\/p>\n\n\n\n<p>Oaxaca de Ju\u00e1rez, Oax., 20 de abril de\n2020.- El 60 por ciento de los trabajadores oaxaque\u00f1os es incapaz de adquirir\nla canasta alimentaria con su ingreso laboral; es decir, a aquel sector ni\nsiquiera le alcanza para vivir al d\u00eda en plena pandemia por el coronavirus,\nreport\u00f3 la organizaci\u00f3n civil M\u00e9xico, \u00bfc\u00f3mo vamos?<\/p>\n\n\n\n<p>A un mes del comienzo de la etapa de\ncuarentena promovida por las autoridades federales y estatales, a fin de\ncontener la propagaci\u00f3n de los contagios por Covid-19 y a m\u00e1s de una semana del\ncomienzo de la Fase 2 de la contingencia, en la que se ha pedido la suspensi\u00f3n\nde toda actividad no esencial, la organizaci\u00f3n civil resalt\u00f3 que la entidad\nrebasa en 37 por ciento la media nacional de pobreza laboral, lo que coloca al\nestado como una de las entidades con sem\u00e1foro rojo y las peores condiciones de\nvida para sus obreros.<\/p>\n\n\n\n<p>M\u00e9xico, \u00bfc\u00f3mo vamos? se\u00f1al\u00f3 que la pobreza\nlaboral que actualmente se vive en Oaxaca es pr\u00e1cticamente cinco puntos\nporcentuales m\u00e1s alta que la que se registraba en 2005, cuando el mismo\nindicador refer\u00eda que el 55.9 por ciento de la poblaci\u00f3n se situaba en esa\ncondici\u00f3n.<\/p>\n\n\n\n<p>En la actualidad, a pesar de los\nllamados de las autoridades a respetar la cuarentena, el flujo peatonal y\nvehicular en la zona metropolitana de Oaxaca de Ju\u00e1rez se ha mantenido entre 60\ny 70 por ciento. <\/p>\n\n\n\n<p>Diversos establecimientos, vendedores\nambulantes y tianguistas se han negado a abandonar las calles con el argumento\nde que su econom\u00eda colapsar\u00e1 si dejan de expedir sus productos. <\/p>\n\n\n\n<p>En la Central de Abasto, los vendedores\nhan anunciado que permanecer\u00e1n en la zona aunque la contingencia se\nintensifique.<\/p>\n\n\n\n<p>En m\u00e1s al respecto, la organizaci\u00f3n\nM\u00e9xico, \u00bfc\u00f3mo vamos? reiter\u00f3 que al cierre del cuarto trimestre de 2019, el\n74.8 por ciento de la poblaci\u00f3n ocupada se desempe\u00f1aba en el mercado informal;\nes decir, en fuentes de trabajo sin prestaciones de ley o en fuentes de\nautoempleo, donde la poblaci\u00f3n busca la forma de subsistir generando sus\npropios ingresos.<\/p>\n","protected":false},"excerpt":{"rendered":"<p>Redacci\u00f3n\/Estado 20. Oaxaca de Ju\u00e1rez, Oax., 20 de abril de 2020.- El 60 por ciento&hellip;<\/p>\n","protected":false},"author":2,"featured_media":9491,"comment_status":"closed","ping_status":"open","sticky":false,"template":"","format":"standard","meta":{"_lmt_disableupdate":"","_lmt_disable":"","_jetpack_memberships_contains_paid_content":false,"footnotes":""},"categories":[109,47],"tags":[1107],"class_list":["post-11352","post","type-post","status-publish","format-standard","has-post-thumbnail","hentry","category-minuto-a-minuto","category-zona-gris","tag-mexico-como-vamos"],"jetpack_featured_media_url":"https:\/\/zonaroja.com.mx\/wp-content\/uploads\/2020\/03\/Ambulantes-Tuxtepec-2.jpg","jetpack_sharing_enabled":true,"_links":{"self":[{"href":"https:\/\/zonaroja.com.mx\/index.php?rest_route=\/wp\/v2\/posts\/11352","targetHints":{"allow":["GET"]}}],"collection":[{"href":"https:\/\/zonaroja.com.mx\/index.php?rest_route=\/wp\/v2\/posts"}],"about":[{"href":"https:\/\/zonaroja.com.mx\/index.php?rest_route=\/wp\/v2\/types\/post"}],"author":[{"embeddable":true,"href":"https:\/\/zonaroja.com.mx\/index.php?rest_route=\/wp\/v2\/users\/2"}],"replies":[{"embeddable":true,"href":"https:\/\/zonaroja.com.mx\/index.php?rest_route=%2Fwp%2Fv2%2Fcomments&post=11352"}],"version-history":[{"count":1,"href":"https:\/\/zonaroja.com.mx\/index.php?rest_route=\/wp\/v2\/posts\/11352\/revisions"}],"predecessor-version":[{"id":11353,"href":"https:\/\/zonaroja.com.mx\/index.php?rest_route=\/wp\/v2\/posts\/11352\/revisions\/11353"}],"wp:featuredmedia":[{"embeddable":true,"href":"https:\/\/zonaroja.com.mx\/index.php?rest_route=\/wp\/v2\/media\/9491"}],"wp:attachment":[{"href":"https:\/\/zonaroja.com.mx\/index.php?rest_route=%2Fwp%2Fv2%2Fmedia&parent=11352"}],"wp:term":[{"taxonomy":"category","embeddable":true,"href":"https:\/\/zonaroja.com.mx\/index.php?rest_route=%2Fwp%2Fv2%2Fcategories&post=11352"},{"taxonomy":"post_tag","embeddable":true,"href":"https:\/\/zonaroja.com.mx\/index.php?rest_route=%2Fwp%2Fv2%2Ftags&post=11352"}],"curies":[{"name":"wp","href":"https:\/\/api.w.org\/{rel}","templated":true}]}}