{"id":11364,"date":"2020-04-20T13:49:25","date_gmt":"2020-04-20T18:49:25","guid":{"rendered":"http:\/\/www.zonaroja.com.mx\/?p=11364"},"modified":"2020-04-20T13:50:34","modified_gmt":"2020-04-20T18:50:34","slug":"enfermeros-del-hospital-de-tuxtepec-paran-labores-para-exigir-proteccion","status":"publish","type":"post","link":"https:\/\/zonaroja.com.mx\/?p=11364","title":{"rendered":"Enfermeros del Hospital de Tuxtepec paran labores para exigir protecci\u00f3n"},"content":{"rendered":"\n<p>Yuridiana Sosa\/Zona Roja.<\/p>\n\n\n\n<p>San Juan Bautista Tuxtepec, Oax., 20 de\nabril de 2020.- Personal de enfermer\u00eda del Hospital General de Tuxtepec se manifest\u00f3\npara exigir al gobierno federal y estatal equipo m\u00e9dico de protecci\u00f3n ante el\ncoronavirus, as\u00ed como demandar a la direcci\u00f3n del nosocomio la entrega de\nmaterial donado por parte de la sociedad civil y legisladores de la regi\u00f3n.<\/p>\n\n\n\n<p>M\u00e1s de 150 trabajadores de esa \u00e1rea\nalzaron la voz para reclamar sobre la falta de ayuda para el personal de\n\u201cprimera l\u00ednea de batalla\u201d que atiende a los pacientes sospechosos o\nconfirmados de Covid-19, pues arriesgan su propia salud.<\/p>\n\n\n\n<p>La queja de los trabajadores, que inici\u00f3\nla semana pasada a trav\u00e9s de lonas que anunciaban labores \u201cbajo protesta\u201d, se\nextendi\u00f3 este lunes a una protesta f\u00edsica ante el registro de tres casos\npositivos de coronavirus en la Jurisdicci\u00f3n Sanitaria n\u00famero 03, y de los\ncuales dos se han atendido en ese nosocomio.<\/p>\n\n\n\n<p>La enfermera del \u00e1rea de urgencias,\nGabriela Cruz, se\u00f1al\u00f3 la desprotecci\u00f3n en la que se encuentran 25 enfermeros y\nenfermeras de \u00e9sta \u00e1rea, quienes adem\u00e1s del virus, se enfrentan a diversas\nenfermedades de f\u00e1cil transmisi\u00f3n sin ninguna protecci\u00f3n.<\/p>\n\n\n\n<p>Para hacer frente al Covid-19, compran\ncon recursos propios cubrebocas N95 que rondan en los 250 pesos; caretas y\ngoogles con un promedio de 200 a 300 pesos, cada uno, lo cual ocupan una sola\nvez por turno.<\/p>\n\n\n\n<p>Hasta el momento la direcci\u00f3n del\nnosocomio no les ha informado sobre los insumos que la instituci\u00f3n ha recibido\na trav\u00e9s de donaciones que la sociedad civil organizada ha realizado, as\u00ed como\ndos legisladoras, local y federal, que durante la semana pasado entregaron\nmaterial de protecci\u00f3n, pero que no se ha distribuido.<\/p>\n","protected":false},"excerpt":{"rendered":"<p>Yuridiana Sosa\/Zona Roja. San Juan Bautista Tuxtepec, Oax., 20 de abril de 2020.- Personal de&hellip;<\/p>\n","protected":false},"author":2,"featured_media":11366,"comment_status":"closed","ping_status":"open","sticky":false,"template":"","format":"standard","meta":{"_lmt_disableupdate":"","_lmt_disable":"","_jetpack_memberships_contains_paid_content":false,"footnotes":""},"categories":[109,47],"tags":[1512],"class_list":["post-11364","post","type-post","status-publish","format-standard","has-post-thumbnail","hentry","category-minuto-a-minuto","category-zona-gris","tag-coronavirus-oaxaca"],"jetpack_featured_media_url":"https:\/\/zonaroja.com.mx\/wp-content\/uploads\/2020\/04\/img_3966.jpg","jetpack_sharing_enabled":true,"_links":{"self":[{"href":"https:\/\/zonaroja.com.mx\/index.php?rest_route=\/wp\/v2\/posts\/11364","targetHints":{"allow":["GET"]}}],"collection":[{"href":"https:\/\/zonaroja.com.mx\/index.php?rest_route=\/wp\/v2\/posts"}],"about":[{"href":"https:\/\/zonaroja.com.mx\/index.php?rest_route=\/wp\/v2\/types\/post"}],"author":[{"embeddable":true,"href":"https:\/\/zonaroja.com.mx\/index.php?rest_route=\/wp\/v2\/users\/2"}],"replies":[{"embeddable":true,"href":"https:\/\/zonaroja.com.mx\/index.php?rest_route=%2Fwp%2Fv2%2Fcomments&post=11364"}],"version-history":[{"count":1,"href":"https:\/\/zonaroja.com.mx\/index.php?rest_route=\/wp\/v2\/posts\/11364\/revisions"}],"predecessor-version":[{"id":11365,"href":"https:\/\/zonaroja.com.mx\/index.php?rest_route=\/wp\/v2\/posts\/11364\/revisions\/11365"}],"wp:featuredmedia":[{"embeddable":true,"href":"https:\/\/zonaroja.com.mx\/index.php?rest_route=\/wp\/v2\/media\/11366"}],"wp:attachment":[{"href":"https:\/\/zonaroja.com.mx\/index.php?rest_route=%2Fwp%2Fv2%2Fmedia&parent=11364"}],"wp:term":[{"taxonomy":"category","embeddable":true,"href":"https:\/\/zonaroja.com.mx\/index.php?rest_route=%2Fwp%2Fv2%2Fcategories&post=11364"},{"taxonomy":"post_tag","embeddable":true,"href":"https:\/\/zonaroja.com.mx\/index.php?rest_route=%2Fwp%2Fv2%2Ftags&post=11364"}],"curies":[{"name":"wp","href":"https:\/\/api.w.org\/{rel}","templated":true}]}}