{"id":11367,"date":"2020-04-20T14:29:01","date_gmt":"2020-04-20T19:29:01","guid":{"rendered":"http:\/\/www.zonaroja.com.mx\/?p=11367"},"modified":"2020-04-20T14:36:08","modified_gmt":"2020-04-20T19:36:08","slug":"desmienten-al-gobernador-sobre-robo-en-el-hospital-civil-denuncian-escasez","status":"publish","type":"post","link":"https:\/\/zonaroja.com.mx\/?p=11367","title":{"rendered":"Desmienten al gobernador sobre rob\u00f3 en el Hospital Civil; denuncian escasez"},"content":{"rendered":"\n<p>Evlin Arag\u00f3n\/Zona Roja.<\/p>\n\n\n\n<p>Oaxaca de Ju\u00e1rez, Oax., 20 de abril de\n2020.- Personal directivo de Hospital General \u201cDr. Aurelio Valdivieso\u201d\ndesminti\u00f3 las declaraciones del gobernador Alejandro Murat Hinojosa, quien\nacus\u00f3 la semana pasada robo de equipo y material m\u00e9dico que fuera asignado al\nnosocomio por parte de las autoridades.<\/p>\n\n\n\n<p>\u201cNo hubo ning\u00fan robo en el hospital,\nnosotros no hicimos ninguna declaraci\u00f3n al respecto porque no existi\u00f3;\ndesconocemos por qu\u00e9 el gobernador emiti\u00f3 esas declaraciones, pero nosotros llevamos\nel registro de todo lo que ingresa que es para uso nuestro y ser\u00eda il\u00f3gico que\nlo robemos\u201d, dijo el m\u00e9dico Marco Adolfo Barroso Rojas, subdirector del\nnosocomio.<\/p>\n\n\n\n<p>En conferencia de prensa en la que particip\u00f3\nel personal especializado de varias \u00e1reas del centro m\u00e9dico m\u00e1s importante de\nla entidad, explicaron que de forma cuidadosa se lleva a cabo el registro del\nmaterial que ingresa a la instituci\u00f3n, en su mayor\u00eda por donaci\u00f3n, por lo cual\ndeterminaron que no hay indicios que ingresara el material que refiri\u00f3 el\ngobernador.<\/p>\n\n\n\n<p>Explic\u00f3 que el mi\u00e9rcoles pasado\nelementos de la Fiscal\u00eda General del Estado de Oaxaca acudieron al hospital por\nlo que se llev\u00f3 a cabo un conteo pormenorizado de lo que se ha recibido, tanto\npor donaci\u00f3n como por asignaci\u00f3n de las autoridades, el cual se encontr\u00f3 en tu\ntotalidad sin ning\u00fan tipo de inconveniente, echando por tierra las declaraciones\nvertidas por el mandatario estatal al respecto.<\/p>\n\n\n\n<p>El personal m\u00e9dico evidenci\u00f3 que el 70\npor ciento del material e insumos que recibe el hospital viene de donaciones y\ns\u00f3lo un 30 por ciento restante es el que procede de las autoridades, raz\u00f3n que\nincluso ha impedido que terminen de habilitar el \u00e1rea especial para atender a\npacientes con amenaza de Covid-19<\/p>\n\n\n\n<p>Y es que desde hace un par de semanas el Hospital Civil habilit\u00f3 un consultorio en la parte externa para atender casos sospechosos del virus que azota al mundo, el cual adem\u00e1s es atendido por personal de urgencias.<\/p>\n\n\n\n<figure class=\"wp-block-embed-twitter wp-block-embed is-type-rich is-provider-twitter\"><div class=\"wp-block-embed__wrapper\">\n<div class=\"twitter-tweet\"><blockquote class=\"twitter-tweet\" data-lang=\"es\"><p lang=\"es\" dir=\"ltr\"><a href=\"https:\/\/twitter.com\/hashtag\/CoronavirusEmergenciaSocial?src=hash&amp;ref_src=twsrc%5Etfw\">#CoronavirusEmergenciaSocial<\/a><br>Minti\u00f3 el gobernador <a href=\"https:\/\/twitter.com\/alejandromurat?ref_src=twsrc%5Etfw\">@alejandromurat<\/a>; no hubo robo de insumos en el Hospital Civil de la ciudad de Oaxaca, reviran directivos del nosocomio; el mi\u00e9rcoles fue personal de la <a href=\"https:\/\/twitter.com\/FISCALIA_GobOax?ref_src=twsrc%5Etfw\">@FISCALIA_GobOax<\/a> y corrobor\u00f3 que no hay faltantes, aseguran. <a href=\"https:\/\/t.co\/l6inMqG3Pa\">pic.twitter.com\/l6inMqG3Pa<\/a><\/p>&mdash; Zona Roja Oaxaca (@MexRoja) <a href=\"https:\/\/twitter.com\/MexRoja\/status\/1252280854488858624?ref_src=twsrc%5Etfw\">20 de abril de 2020<\/a><\/blockquote><\/div>\n<\/div><\/figure>\n\n\n\n<p>A la par que se ha intentado instalar un\n\u00e1rea especial de hospitalizaci\u00f3n para personas con padecimientos respiratorios;\nsin embargo, la falta de material no ha permitido que se pueda abrir, pese a la\ndisposici\u00f3n del personal m\u00e9dico que tampoco se puede arriesgar a trabajar sin\nequipo especializado. <\/p>\n\n\n\n<p>\u201cSi no tenemos material para ver a los\npacientes del d\u00eda a d\u00eda, mucho menos para solventar a paciente por Covid-19,\nhacemos grandes esfuerzos humanos pero necesitamos equipos de calidad y que se\ngarantice la permanencia del ese material\u201d, dijo uno de los galenos.<\/p>\n\n\n\n<p>TOTAL DISPOSICI\u00d3N<\/p>\n\n\n\n<p>En este sentido, manifestaron su\npreocupaci\u00f3n de que el Gobernador del Estado, Alejandro Murat, y el secretario\nde Salud, Donato Casas Escamilla, no mencionen al Hospital Civil como \u00e1rea\nCovid, pese a que este recibe a la mayor cantidad de paciente con afectaciones\nrespiratorias y los refiere a otros nosocomios, lo cual implica un riesgo para\nquien atiende y para toda la poblaci\u00f3n al interior del centro m\u00e9dico.<\/p>\n\n\n\n<p>\u201cEl personal del Hospital Civil no se\nopone en ning\u00fan momento a brindar atenci\u00f3n a los pacientes, lo que nos preocupa\nes que no contamos con protecci\u00f3n para hacerlo y nos exponemos demasiado,\nincluso a toda la poblaci\u00f3n que atiende este hospital\u201d, refirieron.<\/p>\n\n\n\n<p>Finalmente, lamentaron el reciente ataque a una enfermera y exhortaron a la poblaci\u00f3n a ser conscientes que es el personal m\u00e9dico y de enfermer\u00eda quienes en alg\u00fan momento les pueden atender, a la par que hicieron el llamado para no aflojar las medidas de prevenci\u00f3n a fin de evitar el contagio masivo de coronavirus que en caso de concretarse podr\u00eda colapsar el \u00e1rea m\u00e9dica en la entidad oaxaque\u00f1a.<\/p>\n\n\n\n<figure class=\"wp-block-embed-twitter wp-block-embed is-type-rich is-provider-twitter\"><div class=\"wp-block-embed__wrapper\">\n<div class=\"twitter-tweet\"><blockquote class=\"twitter-tweet\" data-lang=\"es\"><p lang=\"es\" dir=\"ltr\"><a href=\"https:\/\/twitter.com\/hashtag\/ENVIVO?src=hash&amp;ref_src=twsrc%5Etfw\">#ENVIVO<\/a><br>Oaxaca de Ju\u00e1rez, Oax., 20 de abril de 2020.- Conferencia de prensa de directivos y trabajadores del Hospital General \u201cDr. Aurelio Valdivieso\u201d.<br>\ud83d\udc47<a href=\"https:\/\/t.co\/FJVRPEjgPu\">https:\/\/t.co\/FJVRPEjgPu<\/a> <a href=\"https:\/\/t.co\/GdzC43Twls\">pic.twitter.com\/GdzC43Twls<\/a><\/p>&mdash; Zona Roja Oaxaca (@MexRoja) <a href=\"https:\/\/twitter.com\/MexRoja\/status\/1252256475977617409?ref_src=twsrc%5Etfw\">20 de abril de 2020<\/a><\/blockquote><\/div>\n<\/div><\/figure>\n","protected":false},"excerpt":{"rendered":"<p>Evlin Arag\u00f3n\/Zona Roja. Oaxaca de Ju\u00e1rez, Oax., 20 de abril de 2020.- Personal directivo de&hellip;<\/p>\n","protected":false},"author":2,"featured_media":11368,"comment_status":"closed","ping_status":"open","sticky":false,"template":"","format":"standard","meta":{"_lmt_disableupdate":"","_lmt_disable":"","_jetpack_memberships_contains_paid_content":false,"footnotes":""},"categories":[109,47],"tags":[1633],"class_list":["post-11367","post","type-post","status-publish","format-standard","has-post-thumbnail","hentry","category-minuto-a-minuto","category-zona-gris","tag-hospital-general-dr-aurelio-valdivieso"],"jetpack_featured_media_url":"https:\/\/zonaroja.com.mx\/wp-content\/uploads\/2020\/04\/Conferencia-Hospital-Civil.jpg","jetpack_sharing_enabled":true,"_links":{"self":[{"href":"https:\/\/zonaroja.com.mx\/index.php?rest_route=\/wp\/v2\/posts\/11367","targetHints":{"allow":["GET"]}}],"collection":[{"href":"https:\/\/zonaroja.com.mx\/index.php?rest_route=\/wp\/v2\/posts"}],"about":[{"href":"https:\/\/zonaroja.com.mx\/index.php?rest_route=\/wp\/v2\/types\/post"}],"author":[{"embeddable":true,"href":"https:\/\/zonaroja.com.mx\/index.php?rest_route=\/wp\/v2\/users\/2"}],"replies":[{"embeddable":true,"href":"https:\/\/zonaroja.com.mx\/index.php?rest_route=%2Fwp%2Fv2%2Fcomments&post=11367"}],"version-history":[{"count":1,"href":"https:\/\/zonaroja.com.mx\/index.php?rest_route=\/wp\/v2\/posts\/11367\/revisions"}],"predecessor-version":[{"id":11369,"href":"https:\/\/zonaroja.com.mx\/index.php?rest_route=\/wp\/v2\/posts\/11367\/revisions\/11369"}],"wp:featuredmedia":[{"embeddable":true,"href":"https:\/\/zonaroja.com.mx\/index.php?rest_route=\/wp\/v2\/media\/11368"}],"wp:attachment":[{"href":"https:\/\/zonaroja.com.mx\/index.php?rest_route=%2Fwp%2Fv2%2Fmedia&parent=11367"}],"wp:term":[{"taxonomy":"category","embeddable":true,"href":"https:\/\/zonaroja.com.mx\/index.php?rest_route=%2Fwp%2Fv2%2Fcategories&post=11367"},{"taxonomy":"post_tag","embeddable":true,"href":"https:\/\/zonaroja.com.mx\/index.php?rest_route=%2Fwp%2Fv2%2Ftags&post=11367"}],"curies":[{"name":"wp","href":"https:\/\/api.w.org\/{rel}","templated":true}]}}