{"id":11372,"date":"2020-04-20T14:41:13","date_gmt":"2020-04-20T19:41:13","guid":{"rendered":"http:\/\/www.zonaroja.com.mx\/?p=11372"},"modified":"2020-04-20T14:41:34","modified_gmt":"2020-04-20T19:41:34","slug":"la-scjn-ratifica-a-presidenta-municipal-de-teopoxco-victima-de-violencia-politica","status":"publish","type":"post","link":"https:\/\/zonaroja.com.mx\/?p=11372","title":{"rendered":"La SCJN ratifica a presidenta municipal de Teopoxco, v\u00edctima de violencia pol\u00edtica"},"content":{"rendered":"\n<p>Evlin Arag\u00f3n\/Zona Roja.<\/p>\n\n\n\n<p>Oaxaca de Ju\u00e1rez, Oax., 20 de abril de\n2020.- La Suprema Corte de Justicia de la Naci\u00f3n (SCJN) dej\u00f3 sin efectos la\nsuspensi\u00f3n de poderes en el municipio de Santa Mar\u00eda Teopoxco, promovida por el\nCongreso local en marzo pasado, y aval\u00f3 el triunfo de Susana Alvarado Lozano\ncomo presidenta municipal de la localidad<\/p>\n\n\n\n<p>Fue el pasado 8 de abril que la SCJN orden\u00f3\nno s\u00f3lo al Congreso de Oaxaca suspender los actos que implicaban quitarle el\nmandato a la mujer, sino tambi\u00e9n incluy\u00f3 a la Secretaria de Finanzas del gobierno\nestatal para no retener las participaciones municipales.&nbsp; <\/p>\n\n\n\n<p>Lo anterior, despu\u00e9s de una larga lista\nde hechos de intimidaci\u00f3n, acoso, humillaci\u00f3n, discriminaci\u00f3n, violencia\ninstitucional, comunitaria y machista contra la presidenta y su Cabildo, a fin\nde continuar con el cacicazgo pol\u00edtico existente en la zona, que incluso llev\u00f3\na ex autoridades a intentar violar la ley electoral con una falsa candidatura\ntransg\u00e9nero, a fin de mantener el poder.<\/p>\n\n\n\n<p>El Tribunal Electoral del Poder Judicial\nde la Federaci\u00f3n resolvi\u00f3 los juicios para la Protecci\u00f3n de los Derechos\nPol\u00edtico-Electorales del Ciudadano y de Revisi\u00f3n Constitucional Electoral con\nexpediente SUP-JDC-304\/2018 y Acumulados en el que cu\u00e1l se defini\u00f3 que el\ncandidato registrado como transg\u00e9nero deb\u00eda quedar registrado en la segunda\nposici\u00f3n en la lista, con sus respectivos suplentes y respetando la primera\nposici\u00f3n para la candidata Susana Alvarado Lozano.<\/p>\n\n\n\n<p>As\u00ed lo dio a conocer el Colectivo por la\nCiudadan\u00eda de las Mujeres, que acompa\u00f1a el caso y que refiere que desde el 2018,\nAlvarado Lozano fue registrada en el primer lugar de la planilla; sin embargo,\nel var\u00f3n segundo en la lista se present\u00f3 en actos p\u00fablicos como el candidato,\nargumentando una condici\u00f3n de transg\u00e9nero para poder ser considerado por las\nautoridades electorales.<\/p>\n\n\n\n<p>Al ganar la elecci\u00f3n, la violencia\ncontra la presidenta municipal increment\u00f3 con la intenci\u00f3n de obligarla a\nrenunciar, fue incluso el s\u00edndico electo, Carlos Quevedo Fabi\u00e1n, quien se hizo\npasar falso candidato transg\u00e9nero y ex presidente municipio, quien promovi\u00f3\nactos de ingobernabilidad en la localidad e incluso en la capital del estado,\npara solicitar ante el Congreso del Estado la suspensi\u00f3n de los poderes en el\nmunicipio.<\/p>\n\n\n\n<p>Acci\u00f3n que consigui\u00f3 el pasado 17 de\nmarzo en el que la Comisi\u00f3n Permanente de Gobernaci\u00f3n y Asuntos Agrarios de\nOaxaca, encabezada por el diputado Arsenio Mej\u00eda Garc\u00eda, aprob\u00f3 la suspensi\u00f3n\nprovisional del ayuntamiento de Santa Mar\u00eda Teopoxco con argumentos infundados\ny sin considerar el contexto de violencia pol\u00edtica en contra de la presidenta\nmunicipal y por el contrario aumentando \u00e9sta al hacerlo desde una instituci\u00f3n\np\u00fablica.<\/p>\n\n\n\n<p>De acuerdo con el Colectivo por la\nCiudadan\u00eda de las Mujeres, el ejercicio de los derechos pol\u00edticos de las\nmujeres se ha cometido en un peligro para ellas, al trastocar intereses,\ndesafiar los esquemas establecidos para convertirse en sujetas sociales que\ndeciden ejercer y transformar las condiciones de las mujeres y de sus\ncomunidades.<\/p>\n\n\n\n<p>Por lo anterior, el grupo de mujeres que\nacompa\u00f1a moral y legalmente a la candidata, asegur\u00f3 que se mantendr\u00e1n atentas\npara que lo dispuesto por la SCJN sea acatado en tiempo y forma, m\u00e1xime cuando\nrecientemente fueron promulgadas las disposiciones para sancionar la violencia\npol\u00edtica en raz\u00f3n de g\u00e9nero.<\/p>\n\n\n\n<p>En febrero pasado, decenas de\nhabitantes, encabezados por Carlos Quevedo Fabi\u00e1n, llegaron a la capital del\nestado y realizaron destrozos en instalaciones de Ciudad Administrativa para\nexigir la suspensi\u00f3n de poderes, acci\u00f3n que consiguieron debido a la violencia\ncon que condujeron esta protesta y otras anteriores en la localidad que\nocasion\u00f3 la desestabilidad pol\u00edtica y social en la zona.<\/p>\n","protected":false},"excerpt":{"rendered":"<p>Evlin Arag\u00f3n\/Zona Roja. Oaxaca de Ju\u00e1rez, Oax., 20 de abril de 2020.- La Suprema Corte&hellip;<\/p>\n","protected":false},"author":2,"featured_media":11373,"comment_status":"closed","ping_status":"open","sticky":false,"template":"","format":"standard","meta":{"_lmt_disableupdate":"","_lmt_disable":"","_jetpack_memberships_contains_paid_content":false,"footnotes":""},"categories":[109,47],"tags":[1634],"class_list":["post-11372","post","type-post","status-publish","format-standard","has-post-thumbnail","hentry","category-minuto-a-minuto","category-zona-gris","tag-santa-maria-teopoxco"],"jetpack_featured_media_url":"https:\/\/zonaroja.com.mx\/wp-content\/uploads\/2020\/04\/Alcaldesa-Teopoxco.jpg","jetpack_sharing_enabled":true,"_links":{"self":[{"href":"https:\/\/zonaroja.com.mx\/index.php?rest_route=\/wp\/v2\/posts\/11372","targetHints":{"allow":["GET"]}}],"collection":[{"href":"https:\/\/zonaroja.com.mx\/index.php?rest_route=\/wp\/v2\/posts"}],"about":[{"href":"https:\/\/zonaroja.com.mx\/index.php?rest_route=\/wp\/v2\/types\/post"}],"author":[{"embeddable":true,"href":"https:\/\/zonaroja.com.mx\/index.php?rest_route=\/wp\/v2\/users\/2"}],"replies":[{"embeddable":true,"href":"https:\/\/zonaroja.com.mx\/index.php?rest_route=%2Fwp%2Fv2%2Fcomments&post=11372"}],"version-history":[{"count":1,"href":"https:\/\/zonaroja.com.mx\/index.php?rest_route=\/wp\/v2\/posts\/11372\/revisions"}],"predecessor-version":[{"id":11374,"href":"https:\/\/zonaroja.com.mx\/index.php?rest_route=\/wp\/v2\/posts\/11372\/revisions\/11374"}],"wp:featuredmedia":[{"embeddable":true,"href":"https:\/\/zonaroja.com.mx\/index.php?rest_route=\/wp\/v2\/media\/11373"}],"wp:attachment":[{"href":"https:\/\/zonaroja.com.mx\/index.php?rest_route=%2Fwp%2Fv2%2Fmedia&parent=11372"}],"wp:term":[{"taxonomy":"category","embeddable":true,"href":"https:\/\/zonaroja.com.mx\/index.php?rest_route=%2Fwp%2Fv2%2Fcategories&post=11372"},{"taxonomy":"post_tag","embeddable":true,"href":"https:\/\/zonaroja.com.mx\/index.php?rest_route=%2Fwp%2Fv2%2Ftags&post=11372"}],"curies":[{"name":"wp","href":"https:\/\/api.w.org\/{rel}","templated":true}]}}