{"id":11375,"date":"2020-04-20T17:54:30","date_gmt":"2020-04-20T22:54:30","guid":{"rendered":"http:\/\/www.zonaroja.com.mx\/?p=11375"},"modified":"2020-04-20T17:54:51","modified_gmt":"2020-04-20T22:54:51","slug":"a-dias-de-fase-3-de-emergencia-sanitaria-sin-respeto-por-la-sana-distancia","status":"publish","type":"post","link":"https:\/\/zonaroja.com.mx\/?p=11375","title":{"rendered":"A d\u00edas de Fase 3 de emergencia sanitaria, sin respeto por la \u201cSana Distancia\u201d"},"content":{"rendered":"\n<p>Yuridiana Sosa\/Zona Roja.<\/p>\n\n\n\n<p>Oaxaca de Ju\u00e1rez, Oax., 20 de abril de\n2020.- Conforme avanza la contingencia por el Covid-19, de forma\ncontradictoria, el llamado de las autoridades a mantener distancia se ha vuelto\ncada vez menos efectivo ante la poblaci\u00f3n.<\/p>\n\n\n\n<p>Los bancos son el punto de mayor\naglomeraci\u00f3n de personas desde hace por lo menos tres semanas.&nbsp; En su mayor\u00eda beneficiarios del programa\nfederal \u201cProducci\u00f3n para el Bienestar\u201d, antes denominado \u201cProcampo\u201d.<\/p>\n\n\n\n<p>Las filas se han vuelto casi interminables\npara los trabajadores bancarios. Afuera de las sucursales la espera por los\ninteresados comienza antes de comenzar las jornadas laborales.<\/p>\n\n\n\n<p>En Oaxaca el uso de cubrebocas en\nespacios p\u00fablicos y transporte se volvi\u00f3 obligatorio a partir de este lunes, anunci\u00f3\nel gobernador Alejandro Murat en un mensaje difundido la noche de este domingo.\n<\/p>\n\n\n\n<p>Reiter\u00f3 la jornada de \u201cSana Distancia\u201d y\n\u201cQu\u00e9date en Casa\u201d ante el incremento de casos positivos por Civid-19 en Oaxaca.<\/p>\n\n\n\n<p>Pero el llamado del gobernador parece\nomiso frente a la necesidad de cientos de campesinos por cobrar el apoyo del\ngobierno federal. El escenario se repite cada d\u00eda en distintas ciudades del\nestado.<\/p>\n\n\n\n<p>O\u00cdDOS SORDOS<\/p>\n\n\n\n<p>Polic\u00edas Estatales, Municipales, de\nVialidad y de Protecci\u00f3n Civil se apoyan entre s\u00ed para distanciar a las\npersonas formadas; como es costumbre, los asistentes no quieren dejar espacios\nvac\u00edos para que nadie se meta en la fila.<\/p>\n\n\n\n<p>Es una serpiente humana de m\u00e1s de 300\nmetros que se extiende sobre la banqueta de la Calzada Porfirio D\u00edaz, en la\ncolonia Reforma, al norte de la capital. En otra sucursal en el Centro\nHist\u00f3rico de la capital la situaci\u00f3n es semejante.<\/p>\n\n\n\n<p>Lidiar con el desacato de la poblaci\u00f3n\npara mantener al menos o un metro de distancia con otras personas se ha\nconvertido en la tarea m\u00e1s dif\u00edcil para los elementos de seguridad.<\/p>\n\n\n\n<p>El perifoneo ya no es suficiente. El\nllamado por altavoz a respetar las medidas de prevenci\u00f3n entra y sale; el\nexhorto de viva voz, presencial, tampoco es contundente.<\/p>\n\n\n\n<p>TAMBI\u00c9N TUXTEPEC<\/p>\n\n\n\n<p>Las condiciones insalubres se repitieron\nen el municipio de San Juan Bautista Tuxtepec, donde la espera tambi\u00e9n la hace\nsentados en las banquetas.<\/p>\n\n\n\n<p>La fila supera las tres cuadras; cada\nvez son mayor el n\u00famero de personas; cada vez menos atenci\u00f3n a las\nrecomendaciones de las autoridades sanitarias que en diversas ocasiones han\nllegado a separar a las personas, pero al paso de las horas, vuelven a juntarse.<\/p>\n\n\n\n<p>Como medida preventiva y evitar la\npresencia de personas en la v\u00eda p\u00fablica, una de las sucursales bancaras donde\nse cobra el programa federal limit\u00f3 la atenci\u00f3n en ventanilla a 200 personas.<\/p>\n\n\n\n<p>ACTO P\u00daBLICO EN EMERGENCIA <\/p>\n\n\n\n<p>El presidente municipal de San Juan\nBautista Tuxtepec, Fernando Bautista D\u00e1vila, protagoniz\u00f3 un acto p\u00fablico con la\npresencia de decenas de personas para anunciar el arranque de un programa\nmunicipal de entrega de despensas.<\/p>\n\n\n\n<p>A fuera del palacio municipal, frente al\nparque Benito Ju\u00e1rez, el ayuntamiento municipal mont\u00f3 el escenario para dar el\nbanderazo al \u201cPrograma social de seguridad alimentaria\u201d.<\/p>\n\n\n\n<p>Aunque el plan es que la entrega se\nefectu\u00e9 por medio de unidades m\u00f3viles en las colonias beneficiarias, el acto\nconvoc\u00f3 a un grupo numeroso de personas, entre funcionarios, trabajadores del\nayuntamiento, beneficiarios &#8211; incluyendo ni\u00f1os- y medios de comunicaci\u00f3n\u2026 sin\nlas necesarias medidas de sana distancia.<\/p>\n","protected":false},"excerpt":{"rendered":"<p>Yuridiana Sosa\/Zona Roja. Oaxaca de Ju\u00e1rez, Oax., 20 de abril de 2020.- Conforme avanza la&hellip;<\/p>\n","protected":false},"author":2,"featured_media":11376,"comment_status":"closed","ping_status":"open","sticky":false,"template":"","format":"standard","meta":{"_lmt_disableupdate":"","_lmt_disable":"","_jetpack_memberships_contains_paid_content":false,"footnotes":""},"categories":[109,47],"tags":[1512],"class_list":["post-11375","post","type-post","status-publish","format-standard","has-post-thumbnail","hentry","category-minuto-a-minuto","category-zona-gris","tag-coronavirus-oaxaca"],"jetpack_featured_media_url":"https:\/\/zonaroja.com.mx\/wp-content\/uploads\/2020\/04\/IMG_3881.jpg","jetpack_sharing_enabled":true,"_links":{"self":[{"href":"https:\/\/zonaroja.com.mx\/index.php?rest_route=\/wp\/v2\/posts\/11375","targetHints":{"allow":["GET"]}}],"collection":[{"href":"https:\/\/zonaroja.com.mx\/index.php?rest_route=\/wp\/v2\/posts"}],"about":[{"href":"https:\/\/zonaroja.com.mx\/index.php?rest_route=\/wp\/v2\/types\/post"}],"author":[{"embeddable":true,"href":"https:\/\/zonaroja.com.mx\/index.php?rest_route=\/wp\/v2\/users\/2"}],"replies":[{"embeddable":true,"href":"https:\/\/zonaroja.com.mx\/index.php?rest_route=%2Fwp%2Fv2%2Fcomments&post=11375"}],"version-history":[{"count":1,"href":"https:\/\/zonaroja.com.mx\/index.php?rest_route=\/wp\/v2\/posts\/11375\/revisions"}],"predecessor-version":[{"id":11377,"href":"https:\/\/zonaroja.com.mx\/index.php?rest_route=\/wp\/v2\/posts\/11375\/revisions\/11377"}],"wp:featuredmedia":[{"embeddable":true,"href":"https:\/\/zonaroja.com.mx\/index.php?rest_route=\/wp\/v2\/media\/11376"}],"wp:attachment":[{"href":"https:\/\/zonaroja.com.mx\/index.php?rest_route=%2Fwp%2Fv2%2Fmedia&parent=11375"}],"wp:term":[{"taxonomy":"category","embeddable":true,"href":"https:\/\/zonaroja.com.mx\/index.php?rest_route=%2Fwp%2Fv2%2Fcategories&post=11375"},{"taxonomy":"post_tag","embeddable":true,"href":"https:\/\/zonaroja.com.mx\/index.php?rest_route=%2Fwp%2Fv2%2Ftags&post=11375"}],"curies":[{"name":"wp","href":"https:\/\/api.w.org\/{rel}","templated":true}]}}