{"id":11378,"date":"2020-04-20T18:57:14","date_gmt":"2020-04-20T23:57:14","guid":{"rendered":"http:\/\/www.zonaroja.com.mx\/?p=11378"},"modified":"2020-04-20T18:57:18","modified_gmt":"2020-04-20T23:57:18","slug":"pide-diputada-a-fiscalia-agilizar-busqueda-de-dos-jovenes-en-tuxtepec","status":"publish","type":"post","link":"https:\/\/zonaroja.com.mx\/?p=11378","title":{"rendered":"Pide diputada a Fiscal\u00eda agilizar b\u00fasqueda de dos j\u00f3venes en Tuxtepec"},"content":{"rendered":"\n<p>Redacci\u00f3n\/Zona Roja.<\/p>\n\n\n\n<p>Oaxaca de Ju\u00e1rez, Oax. 20 de abril de\n2020.- Tras varios d\u00edas de desaparecidas dos j\u00f3venes y ante la exigencia de los\nfamiliares, la diputada local por el distrito de San Juan Bautista Tuxtepec,\nLaura Estrada Mauro, llam\u00f3 al Fiscal General del Estado de Oaxaca (FGEO), Rub\u00e9n\nVasconcelos M\u00e9ndez, a apresurar los trabajos de investigaci\u00f3n para encontrar a\ndos estudiantes desaparecidas en esa ciudad.<\/p>\n\n\n\n<p>En un comunicado, emiti\u00f3 \u201cun respetuoso\ny en\u00e9rgico llamado\u201d al titular de la Fiscal\u00eda en la entidad, para que cuanto\nantes, atienda el llamado de justicia que realizan padres y madres de familia,\ny ordene a quien corresponda, realice&nbsp;\nlos actos de investigaci\u00f3n necesarios, para dar con el paradero de las\nj\u00f3venes.<\/p>\n\n\n\n<p>Se trata de F\u00e1tima Palacios Moreno e\nItzel Gonz\u00e1lez Gonz\u00e1lez, desaparecidas durante la primera semana de marzo y la\nprimera quincena de abril, respectivamente, en la ciudad de Tuxtepec, cuyas\ncarpetas de investigaci\u00f3n se encuentran en la Vicefiscal\u00eda Regional de la\nCuenca.<\/p>\n\n\n\n<p>Asimismo, Estrada Mauro pidi\u00f3 que el\ntrabajo de investigaci\u00f3n por parte de la FGEO, se apegue a los protocolos y\nest\u00e1ndares establecidos en este tipo de asuntos, de&nbsp; tal forma que las dos j\u00f3venes sean\nlocalizadas y vuelvan a sus casas.<\/p>\n\n\n\n<p>\u201cNo es necesario explicar el profundo\ndolor que aqueja a los familiares y amigos de las j\u00f3venes, ellos han\ncolaborado, aportando todos los datos que han tenido a su alcance y la han\nentregado a la autoridad competente, pero el tiempo pasa y no se tienen resultados\ntangibles, ni si quiera se tienen a la fecha l\u00edneas de investigaci\u00f3n\ndefinidas\u201d, se\u00f1al\u00f3.<\/p>\n\n\n\n<p>La congresista, refiri\u00f3 que,\nexperiencias anteriores y recientes, han demostrado que cuando existe la\nvoluntad, la autoridad es muy eficaz para resolver este tipo de asuntos.<\/p>\n\n\n\n<p>Asimismo, solicit\u00f3 a la ciudadan\u00eda en\ngeneral, en caso de tener alg\u00fan dato que ayude a dar con el paradero de las\nuniversitarias, se acerquen a sus familiares o a la Fiscal\u00eda del Estado de\nOaxaca.<\/p>\n\n\n\n<p>\u201cNo podemos permitir que en esta regi\u00f3n de Oaxaca, pasen estos acontecimientos, el Estado debe realizar todo lo necesario, para brindar la seguridad a nuestros ciudadanos y representados\u201d, finaliz\u00f3 la legisladora.<\/p>\n","protected":false},"excerpt":{"rendered":"<p>Redacci\u00f3n\/Zona Roja. Oaxaca de Ju\u00e1rez, Oax. 20 de abril de 2020.- Tras varios d\u00edas de&hellip;<\/p>\n","protected":false},"author":2,"featured_media":11246,"comment_status":"closed","ping_status":"open","sticky":false,"template":"","format":"standard","meta":{"_lmt_disableupdate":"","_lmt_disable":"","_jetpack_memberships_contains_paid_content":false,"footnotes":""},"categories":[109,47],"tags":[213],"class_list":["post-11378","post","type-post","status-publish","format-standard","has-post-thumbnail","hentry","category-minuto-a-minuto","category-zona-gris","tag-64-legislatura-de-oaxaca"],"jetpack_featured_media_url":"https:\/\/zonaroja.com.mx\/wp-content\/uploads\/2020\/04\/Desaparecida-Tuxtepec.jpg","jetpack_sharing_enabled":true,"_links":{"self":[{"href":"https:\/\/zonaroja.com.mx\/index.php?rest_route=\/wp\/v2\/posts\/11378","targetHints":{"allow":["GET"]}}],"collection":[{"href":"https:\/\/zonaroja.com.mx\/index.php?rest_route=\/wp\/v2\/posts"}],"about":[{"href":"https:\/\/zonaroja.com.mx\/index.php?rest_route=\/wp\/v2\/types\/post"}],"author":[{"embeddable":true,"href":"https:\/\/zonaroja.com.mx\/index.php?rest_route=\/wp\/v2\/users\/2"}],"replies":[{"embeddable":true,"href":"https:\/\/zonaroja.com.mx\/index.php?rest_route=%2Fwp%2Fv2%2Fcomments&post=11378"}],"version-history":[{"count":1,"href":"https:\/\/zonaroja.com.mx\/index.php?rest_route=\/wp\/v2\/posts\/11378\/revisions"}],"predecessor-version":[{"id":11379,"href":"https:\/\/zonaroja.com.mx\/index.php?rest_route=\/wp\/v2\/posts\/11378\/revisions\/11379"}],"wp:featuredmedia":[{"embeddable":true,"href":"https:\/\/zonaroja.com.mx\/index.php?rest_route=\/wp\/v2\/media\/11246"}],"wp:attachment":[{"href":"https:\/\/zonaroja.com.mx\/index.php?rest_route=%2Fwp%2Fv2%2Fmedia&parent=11378"}],"wp:term":[{"taxonomy":"category","embeddable":true,"href":"https:\/\/zonaroja.com.mx\/index.php?rest_route=%2Fwp%2Fv2%2Fcategories&post=11378"},{"taxonomy":"post_tag","embeddable":true,"href":"https:\/\/zonaroja.com.mx\/index.php?rest_route=%2Fwp%2Fv2%2Ftags&post=11378"}],"curies":[{"name":"wp","href":"https:\/\/api.w.org\/{rel}","templated":true}]}}