{"id":11392,"date":"2020-04-21T07:27:22","date_gmt":"2020-04-21T12:27:22","guid":{"rendered":"http:\/\/www.zonaroja.com.mx\/?p=11392"},"modified":"2020-04-21T07:27:25","modified_gmt":"2020-04-21T12:27:25","slug":"muere-segunda-victima-de-ataque-armado-ayer-en-oaxaca","status":"publish","type":"post","link":"https:\/\/zonaroja.com.mx\/?p=11392","title":{"rendered":"Muere segunda v\u00edctima de ataque armado ayer en Oaxaca"},"content":{"rendered":"\n<p>Ismael Garc\u00eda M.\/Zona Roja.<\/p>\n\n\n\n<p>Oaxaca de Ju\u00e1rez, Oax., 21\nde abril de 2020.- La segunda persona atacada ayer a balazos tambi\u00e9n perdi\u00f3 la\nvida.<\/p>\n\n\n\n<p>Como Alexis Mora Virgen fue\nidentificado el hombre atacado ayer por la tarde en el estacionamiento del centro\ncomercial Multiplaza de San Juan Bautista Tuxtepec.<\/p>\n\n\n\n<p>Presuntamente iba a abordar\nsu veh\u00edculo cuando sujetos armados arribaron y le dispararon directamente; fue\nllevado a un hospital donde se inform\u00f3 que perdi\u00f3 la vida horas m\u00e1s tarde.<\/p>\n\n\n\n<p>De los sujetos y del m\u00f3vil\ndel crimen hasta ahora no hay indicios. La polic\u00eda municipal de Tuxtepec se\nhallaba resguardando al edil Fernando Bautista D\u00e1vila mientras presid\u00eda un acto\nde entrega de despensas.<\/p>\n\n\n\n<p>Como se inform\u00f3 ayer,\ntambi\u00e9n en el municipio de Mat\u00edas Romero Avenda\u00f1o, regi\u00f3n del Istmo, un\nindividuo fue agredido a balazos para robarle dinero que reci\u00e9n hab\u00eda retirado\nen una sucursal bancaria.<\/p>\n\n\n\n<p>Fue trasladado de urgencia a\nun hospital, donde muri\u00f3 debido a la gravedad de las lesiones; respondi\u00f3 al\nnombre de Luis Enrique Garc\u00eda Gonz\u00e1lez.<\/p>\n","protected":false},"excerpt":{"rendered":"<p>Ismael Garc\u00eda M.\/Zona Roja. Oaxaca de Ju\u00e1rez, Oax., 21 de abril de 2020.- La segunda&hellip;<\/p>\n","protected":false},"author":2,"featured_media":8063,"comment_status":"closed","ping_status":"open","sticky":false,"template":"","format":"standard","meta":{"_lmt_disableupdate":"","_lmt_disable":"","_jetpack_memberships_contains_paid_content":false,"footnotes":""},"categories":[109,51],"tags":[228],"class_list":["post-11392","post","type-post","status-publish","format-standard","has-post-thumbnail","hentry","category-minuto-a-minuto","category-zona-roja","tag-matias-romero-avendano"],"jetpack_featured_media_url":"https:\/\/zonaroja.com.mx\/wp-content\/uploads\/2020\/01\/crimen-balazos.jpg","jetpack_sharing_enabled":true,"_links":{"self":[{"href":"https:\/\/zonaroja.com.mx\/index.php?rest_route=\/wp\/v2\/posts\/11392","targetHints":{"allow":["GET"]}}],"collection":[{"href":"https:\/\/zonaroja.com.mx\/index.php?rest_route=\/wp\/v2\/posts"}],"about":[{"href":"https:\/\/zonaroja.com.mx\/index.php?rest_route=\/wp\/v2\/types\/post"}],"author":[{"embeddable":true,"href":"https:\/\/zonaroja.com.mx\/index.php?rest_route=\/wp\/v2\/users\/2"}],"replies":[{"embeddable":true,"href":"https:\/\/zonaroja.com.mx\/index.php?rest_route=%2Fwp%2Fv2%2Fcomments&post=11392"}],"version-history":[{"count":1,"href":"https:\/\/zonaroja.com.mx\/index.php?rest_route=\/wp\/v2\/posts\/11392\/revisions"}],"predecessor-version":[{"id":11393,"href":"https:\/\/zonaroja.com.mx\/index.php?rest_route=\/wp\/v2\/posts\/11392\/revisions\/11393"}],"wp:featuredmedia":[{"embeddable":true,"href":"https:\/\/zonaroja.com.mx\/index.php?rest_route=\/wp\/v2\/media\/8063"}],"wp:attachment":[{"href":"https:\/\/zonaroja.com.mx\/index.php?rest_route=%2Fwp%2Fv2%2Fmedia&parent=11392"}],"wp:term":[{"taxonomy":"category","embeddable":true,"href":"https:\/\/zonaroja.com.mx\/index.php?rest_route=%2Fwp%2Fv2%2Fcategories&post=11392"},{"taxonomy":"post_tag","embeddable":true,"href":"https:\/\/zonaroja.com.mx\/index.php?rest_route=%2Fwp%2Fv2%2Ftags&post=11392"}],"curies":[{"name":"wp","href":"https:\/\/api.w.org\/{rel}","templated":true}]}}