{"id":11394,"date":"2020-04-21T07:38:01","date_gmt":"2020-04-21T12:38:01","guid":{"rendered":"http:\/\/www.zonaroja.com.mx\/?p=11394"},"modified":"2020-04-21T07:38:04","modified_gmt":"2020-04-21T12:38:04","slug":"firman-convenio-pje-y-secretariado-ejecutivo-de-seguridad-a-favor-de-grupos-vulnerables","status":"publish","type":"post","link":"https:\/\/zonaroja.com.mx\/?p=11394","title":{"rendered":"Firman convenio PJE y Secretariado Ejecutivo de Seguridad a favor de grupos vulnerables"},"content":{"rendered":"\n<p>Redacci\u00f3n\/Zona Roja.<\/p>\n\n\n\n<p>Oaxaca de Ju\u00e1rez, Oax., 21\nde abril de 2020.- El titular del Poder Judicial de Oaxaca, magistrado Eduardo\nPinacho S\u00e1nchez, y el secretario Ejecutivo del Sistema Estatal de Seguridad\nP\u00fablica (SESESP), Jos\u00e9 Manuel Vera Salinas, firmaron ayer un convenio de coordinaci\u00f3n\ninterinstitucional.<\/p>\n\n\n\n<p>Lo anterior permitir\u00e1\nestablecer las bases de colaboraci\u00f3n relacionadas con proyectos y acciones\ntendientes a prevenir la comisi\u00f3n de delitos, en actividades vinculadas en\nmateria de prevenci\u00f3n social de la violencia, as\u00ed como la protecci\u00f3n a grupos\nvulnerables como son las mujeres y ni\u00f1as.<\/p>\n\n\n\n<p>En el acto, transmitido\nmediante videoconferencia y que cont\u00f3 con la participaci\u00f3n virtual de\nmagistradas, magistrados, consejera y consejeros integrantes de los Plenos del\nTribunal Superior de Justicia y del Consejo de la Judicatura, cumpliendo con\nlas medidas de la Jornada Nacional de Sana Distancia, el magistrado presidente\ndestac\u00f3 que la seguridad p\u00fablica y la justicia son responsabilidades primarias\ny esenciales que debe llevar a cabo el Estado.<\/p>\n\n\n\n<p>No obstante, en ocasiones,\nestas funciones de car\u00e1cter p\u00fablico, se realizan de manera muy responsable,\npero aislada e independiente. Por ello, este convenio, permitir\u00e1 materializar\nla generaci\u00f3n de mejores condiciones para una convivencia pac\u00edfica y un\ndesarrollo pleno de los derechos humanos de todos los oaxaque\u00f1os y oaxaque\u00f1as,\nenfatiz\u00f3.<\/p>\n\n\n\n<p>El titular del Poder\nJudicial destac\u00f3 que \u201cno se debe soslayar que entre la seguridad p\u00fablica y la\njusticia debe existir un v\u00ednculo necesario e inescindible, con el prop\u00f3sito de\ncumplir los fines que a cada una le corresponden, pero que al final tienen como\nobjetivo com\u00fan: lograr la convivencia pac\u00edfica de las personas y generar las\ncondiciones que permitan un desarrollo personal y social\u201d.<\/p>\n\n\n\n<p>En su intervenci\u00f3n, el\nSecretario Ejecutivo del Sistema Estatal de Seguridad P\u00fablica, coincidi\u00f3 con el\nPresidente del Tribunal Superior de Justicia y del Consejo de la Judicatura en\nla importancia de fortalecer el trabajo en equipo.<\/p>\n\n\n\n<p>Explic\u00f3 que como parte de\nlos alcances del convenio de coordinaci\u00f3n interinstitucional, se afianzar\u00e1 la\natenci\u00f3n a sectores vulnerables como son las mujeres, ni\u00f1as y adolescentes, al\nser Oaxaca un estado con 40 municipios con declaratoria de Alerta de G\u00e9nero.<\/p>\n\n\n\n<p>Adem\u00e1s, se estrechar\u00e1n\nsinergias con la finalidad de contar con informaci\u00f3n inmediata y oportuna sobre\nla violencia por razones de g\u00e9nero para atacar a fondo este delito, tema en el\ncual el SESESP ha iniciado la conformaci\u00f3n de Comit\u00e9s de Consulta y\nParticipaci\u00f3n Ciudadana en las regiones del estado.<\/p>\n","protected":false},"excerpt":{"rendered":"<p>Redacci\u00f3n\/Zona Roja. Oaxaca de Ju\u00e1rez, Oax., 21 de abril de 2020.- El titular del Poder&hellip;<\/p>\n","protected":false},"author":2,"featured_media":11395,"comment_status":"closed","ping_status":"open","sticky":false,"template":"","format":"standard","meta":{"_lmt_disableupdate":"","_lmt_disable":"","_jetpack_memberships_contains_paid_content":false,"footnotes":""},"categories":[109,46],"tags":[1369],"class_list":["post-11394","post","type-post","status-publish","format-standard","has-post-thumbnail","hentry","category-minuto-a-minuto","category-zona-blanca","tag-tribunal-superior-de-justicia-de-oaxacatsejo"],"jetpack_featured_media_url":"https:\/\/zonaroja.com.mx\/wp-content\/uploads\/2020\/04\/02-TRIBUNAL.jpg","jetpack_sharing_enabled":true,"_links":{"self":[{"href":"https:\/\/zonaroja.com.mx\/index.php?rest_route=\/wp\/v2\/posts\/11394","targetHints":{"allow":["GET"]}}],"collection":[{"href":"https:\/\/zonaroja.com.mx\/index.php?rest_route=\/wp\/v2\/posts"}],"about":[{"href":"https:\/\/zonaroja.com.mx\/index.php?rest_route=\/wp\/v2\/types\/post"}],"author":[{"embeddable":true,"href":"https:\/\/zonaroja.com.mx\/index.php?rest_route=\/wp\/v2\/users\/2"}],"replies":[{"embeddable":true,"href":"https:\/\/zonaroja.com.mx\/index.php?rest_route=%2Fwp%2Fv2%2Fcomments&post=11394"}],"version-history":[{"count":1,"href":"https:\/\/zonaroja.com.mx\/index.php?rest_route=\/wp\/v2\/posts\/11394\/revisions"}],"predecessor-version":[{"id":11396,"href":"https:\/\/zonaroja.com.mx\/index.php?rest_route=\/wp\/v2\/posts\/11394\/revisions\/11396"}],"wp:featuredmedia":[{"embeddable":true,"href":"https:\/\/zonaroja.com.mx\/index.php?rest_route=\/wp\/v2\/media\/11395"}],"wp:attachment":[{"href":"https:\/\/zonaroja.com.mx\/index.php?rest_route=%2Fwp%2Fv2%2Fmedia&parent=11394"}],"wp:term":[{"taxonomy":"category","embeddable":true,"href":"https:\/\/zonaroja.com.mx\/index.php?rest_route=%2Fwp%2Fv2%2Fcategories&post=11394"},{"taxonomy":"post_tag","embeddable":true,"href":"https:\/\/zonaroja.com.mx\/index.php?rest_route=%2Fwp%2Fv2%2Ftags&post=11394"}],"curies":[{"name":"wp","href":"https:\/\/api.w.org\/{rel}","templated":true}]}}