{"id":11397,"date":"2020-04-21T07:42:23","date_gmt":"2020-04-21T12:42:23","guid":{"rendered":"http:\/\/www.zonaroja.com.mx\/?p=11397"},"modified":"2020-04-21T07:42:26","modified_gmt":"2020-04-21T12:42:26","slug":"ofrecen-cursos-academicos-en-linea-para-el-personal-educativo-de-oaxaca","status":"publish","type":"post","link":"https:\/\/zonaroja.com.mx\/?p=11397","title":{"rendered":"Ofrecen cursos acad\u00e9micos en l\u00ednea para el personal educativo de Oaxaca"},"content":{"rendered":"\n<p>Redacci\u00f3n\/Zona Roja.<\/p>\n\n\n\n<p>Oaxaca de Ju\u00e1rez, Oax., 21\nde abril de 2020.- Derivado de la contingencia sanitaria por Covid-19 y en el\nmarco de la Jornada Nacional de Sana Distancia, el Instituto Estatal de\nEducaci\u00f3n P\u00fablica de Oaxaca (IEEPO) implement\u00f3 una oferta acad\u00e9mica de siete\ncursos en la modalidad autogestiva, con valor curricular, dirigidos a figuras\neducativas.<\/p>\n\n\n\n<p>En un comunicado, inform\u00f3 que\na trav\u00e9s de esta capacitaci\u00f3n, se han atendido a mil 572 personas con funciones\nde direcci\u00f3n, supervisi\u00f3n y de asesor\u00eda t\u00e9cnico pedag\u00f3gica, que con el apoyo de\nlas Tecnolog\u00edas de la Informaci\u00f3n y Comunicaci\u00f3n (TIC), de manera virtual,\nfortalecieron los conocimientos y competencias en diferentes temas.<\/p>\n\n\n\n<p>El IEEPO, como lo establece\nsu director general Francisco \u00c1ngel Villarreal, ofrece de manera permanente\ncapacitaci\u00f3n para mejorar los procesos de formaci\u00f3n y actualizaci\u00f3n profesional\ndel magisterio, tomando en consideraci\u00f3n las condiciones y necesidades en que\nse realiza el trabajo de las y los maestros de educaci\u00f3n b\u00e1sica.<\/p>\n\n\n\n<p>A trav\u00e9s de la Unidad de\nFormaci\u00f3n Continua de la Direcci\u00f3n de Evaluaci\u00f3n del IEEPO, se imparten los\nsiete cursos en la modalidad en l\u00ednea, con una duraci\u00f3n de 40 horas y en temas\nespec\u00edficos para cada una de las funciones que desempe\u00f1a el personal educativo.<\/p>\n\n\n\n<p>De esta manera, para los\ndocentes se cuenta con dos programas acad\u00e9micos que son: Proyectar la Ense\u00f1anza\ny Cuidado de la Integridad y Sano Desarrollo de los Alumnos, este \u00faltimo tiene\ncomo finalidad promover los aprendizajes significativos de los estudiantes en\nun contexto de escuela inclusiva.<\/p>\n\n\n\n<p>En tanto, para el personal\ncon funciones de direcci\u00f3n se encuentran: Proyecto de Gesti\u00f3n Escolar y\nMateriales Complementarios de Contenidos y Estructura Pedag\u00f3gica para la\nPropuesta Formativa.<\/p>\n\n\n\n<p>Quienes ostentan la\nresponsabilidad de supervisi\u00f3n pueden cursar: Proyecto de Asesor\u00eda y\nAcompa\u00f1amiento al Supervisor y Materiales Complementarios de Contenidos y\nEstructura Pedag\u00f3gica para la Propuesta Formativa dirigida al personal con\nfunciones de Supervisi\u00f3n; en tanto que para el personal de Asesor\u00eda T\u00e9cnica\nPedag\u00f3gica se encuentra disponible el curso: Asesor\u00eda T\u00e9cnico Pedag\u00f3gica, un\nimpulso a la Educaci\u00f3n B\u00e1sica.<\/p>\n\n\n\n<p>Los requisitos que deben\npresentar los interesados son: Pertenecer a la poblaci\u00f3n objetivo y registrarse\nen el Sistema Estatal de Registro Seguimiento y Evaluaci\u00f3n de los Programas de\nFormaci\u00f3n (SERSE), en la liga: https:\/\/ufc.ieepo.gob.mx\/Serse\/<\/p>\n\n\n\n<p>Para mayores informes, las y\nlos interesados deben comunicarse a la Unidad de Formaci\u00f3n Continua al tel\u00e9fono\n951 282 69 54 o al correo electr\u00f3nico: de.ufc.formacion@ieepo.gob.mx. Con el\nformato en l\u00ednea se promueve la formaci\u00f3n continua y se atienden los protocolos\nde aislamiento social.<\/p>\n","protected":false},"excerpt":{"rendered":"<p>Redacci\u00f3n\/Zona Roja. Oaxaca de Ju\u00e1rez, Oax., 21 de abril de 2020.- Derivado de la contingencia&hellip;<\/p>\n","protected":false},"author":2,"featured_media":11398,"comment_status":"closed","ping_status":"open","sticky":false,"template":"","format":"standard","meta":{"_lmt_disableupdate":"","_lmt_disable":"","_jetpack_memberships_contains_paid_content":false,"footnotes":""},"categories":[109,51],"tags":[599],"class_list":["post-11397","post","type-post","status-publish","format-standard","has-post-thumbnail","hentry","category-minuto-a-minuto","category-zona-roja","tag-instituto-estatal-de-educacion-publica-de-oaxaca"],"jetpack_featured_media_url":"https:\/\/zonaroja.com.mx\/wp-content\/uploads\/2020\/04\/IEEPO-4.jpg","jetpack_sharing_enabled":true,"_links":{"self":[{"href":"https:\/\/zonaroja.com.mx\/index.php?rest_route=\/wp\/v2\/posts\/11397","targetHints":{"allow":["GET"]}}],"collection":[{"href":"https:\/\/zonaroja.com.mx\/index.php?rest_route=\/wp\/v2\/posts"}],"about":[{"href":"https:\/\/zonaroja.com.mx\/index.php?rest_route=\/wp\/v2\/types\/post"}],"author":[{"embeddable":true,"href":"https:\/\/zonaroja.com.mx\/index.php?rest_route=\/wp\/v2\/users\/2"}],"replies":[{"embeddable":true,"href":"https:\/\/zonaroja.com.mx\/index.php?rest_route=%2Fwp%2Fv2%2Fcomments&post=11397"}],"version-history":[{"count":1,"href":"https:\/\/zonaroja.com.mx\/index.php?rest_route=\/wp\/v2\/posts\/11397\/revisions"}],"predecessor-version":[{"id":11399,"href":"https:\/\/zonaroja.com.mx\/index.php?rest_route=\/wp\/v2\/posts\/11397\/revisions\/11399"}],"wp:featuredmedia":[{"embeddable":true,"href":"https:\/\/zonaroja.com.mx\/index.php?rest_route=\/wp\/v2\/media\/11398"}],"wp:attachment":[{"href":"https:\/\/zonaroja.com.mx\/index.php?rest_route=%2Fwp%2Fv2%2Fmedia&parent=11397"}],"wp:term":[{"taxonomy":"category","embeddable":true,"href":"https:\/\/zonaroja.com.mx\/index.php?rest_route=%2Fwp%2Fv2%2Fcategories&post=11397"},{"taxonomy":"post_tag","embeddable":true,"href":"https:\/\/zonaroja.com.mx\/index.php?rest_route=%2Fwp%2Fv2%2Ftags&post=11397"}],"curies":[{"name":"wp","href":"https:\/\/api.w.org\/{rel}","templated":true}]}}