{"id":11400,"date":"2020-04-21T08:01:47","date_gmt":"2020-04-21T13:01:47","guid":{"rendered":"http:\/\/www.zonaroja.com.mx\/?p=11400"},"modified":"2020-04-21T08:01:50","modified_gmt":"2020-04-21T13:01:50","slug":"entra-mexico-a-fase-3-de-pandemia-lo-peor-esta-por-venir-oms","status":"publish","type":"post","link":"https:\/\/zonaroja.com.mx\/?p=11400","title":{"rendered":"Entra M\u00e9xico a Fase 3 de pandemia; lo peor est\u00e1 por venir: OMS"},"content":{"rendered":"\n<p>Redacci\u00f3n\/Zona Roja Cdmx.<\/p>\n\n\n\n<p>Ciudad de M\u00e9xico, 21 de\nabril de 2020.- Esta ma\u00f1ana, en conferencia de prensa, el subsecretario de\nPrevenci\u00f3n y Promoci\u00f3n de la Salud, Hugo L\u00f3pez-Gatell, anunci\u00f3 el inicio\ninmediato de la Fase 3 de la pandemia de coronavirus.<\/p>\n\n\n\n<p>En la conferencia matutina\npresidencial, L\u00f3pez-Gatell inform\u00f3 que el lunes el Consejo de Salubridad\nGeneral aprob\u00f3 el plan de restricciones anunciado la semana pasada, para\nampliar la Jornada Nacional de Sana Distancia al 30 de mayo.<\/p>\n\n\n\n<p>Anoche, autoridades de la\nSecretar\u00eda de Salud informaron que el n\u00famero de muertos por coronavirus aument\u00f3\na 712 en M\u00e9xico, mientras que la cifra de casos confirmados lleg\u00f3 a ocho mil\n772.<\/p>\n\n\n\n<p>Resaltaron que en las\n\u00faltimas 24 horas se confirmaron, a nivel nacional, 511 nuevos casos de\nCovid-19, que representa un 6.2 por ciento en la curva epid\u00e9mica.<\/p>\n\n\n\n<p>La Ciudad de M\u00e9xico\nconcentra 2 mil 710 de los 8 mil 772 casos confirmados de Covid-19 en nuestro\npa\u00eds. <\/p>\n\n\n\n<p>Mientras que de los\nfallecimientos que se registran a lo largo del territorio nacional, el 68 por\nciento se presentan en hombres y el 32 por ciento en mujeres.<\/p>\n\n\n\n<p>LO PEOR VIENE<\/p>\n\n\n\n<p>Por su parte, la\nOrganizaci\u00f3n Mundial de la Salud (OMS) insisti\u00f3 ayer en que no escondi\u00f3 nada a\nEstados Unidos sobre el Covid-19 que ha causado m\u00e1s de 167 mil muertos en el\nmundo, y advirti\u00f3 que lo peor est\u00e1 por venir.<\/p>\n\n\n\n<p>\u201cDesde el inicio no se le ha\nescondido nada a Estados Unidos(\u2026) Lanzamos la alerta desde el primer d\u00eda\u201d,\nrespondi\u00f3 el director general de OMS, el et\u00edope Tedros Adhanom Ghebreyesus,\nante las acusaciones de Washington. Asegur\u00f3 que no hay secreto en esta agencia\nde la ONU, despu\u00e9s de que el presidente Donald Trump suspendi\u00f3 el\nfinanciamiento a la organizaci\u00f3n, tras se\u00f1alar que est\u00e1 demasiado cercana a\nChina y atiende mal la pandemia.<\/p>\n\n\n\n<p>\u201cLo peor est\u00e1 por venir (\u2026)\nPrevengamos esta tragedia. Es un virus que muchas personas a\u00fan no comprenden\u201d,\ndijo Tedros Adhanom Ghebreyesus.<\/p>\n\n\n\n<p>El Covid-19 ha contagiado a\ncerca de 2.5 millones de personas y causado la muerte de m\u00e1s de 169 mil, y se\nhan recuperado 645 mil 335, seg\u00fan la Universidad Johns Hopkins.<\/p>\n\n\n\n<p>El n\u00famero de muertes por\ncoronavirus super\u00f3 ayer las 41 mil personas en Estados Unidos, casi la mitad en\nNueva York. Adem\u00e1s, se est\u00e1n detectando brotes preocupantes en Chicago, Boston\ny Filadelfia, mientras se incrementan las protestas en Maryland, Indiana,\nMichigan y Ohio contra la cuarentena dispuesta por autoridades locales.<\/p>\n\n\n\n<p>Ayer Trump rebaj\u00f3 la\nestimaci\u00f3n de fallecimientos por coronavirus en su pa\u00eds. Ahora vamos hacia las\n50 mil o 60 mil personas. Es demasiado, pero eso es inferior, pues se supon\u00eda\nque al final ser\u00edan 100 mil, dijo e insisti\u00f3 en defender su gesti\u00f3n ante la\ncrisis.<\/p>\n\n\n\n<p>Por otra parte, Am\u00e9rica\nLatina y el Caribe suman 5 mil 68 muertos y 103 mil 857 contagios por Covid-19.<\/p>\n\n\n\n<p>En Ecuador continuaron al\nalza los contagios, con 10 mil 128 casos, 660 s\u00f3lo en las pasadas 24 horas,\nmientras en Colombia renunciaron todos los doctores (30 m\u00e9dicos generales y\nespecialistas) del Hospital San Rafael, el \u00fanico nosocomio p\u00fablico de Amazonas,\nen protesta por falta de insumos, y el gobierno del presidente Iv\u00e1n Duque\nextendi\u00f3 la cuarentena hasta el 11 de mayo.<\/p>\n","protected":false},"excerpt":{"rendered":"<p>Redacci\u00f3n\/Zona Roja Cdmx. Ciudad de M\u00e9xico, 21 de abril de 2020.- Esta ma\u00f1ana, en conferencia&hellip;<\/p>\n","protected":false},"author":2,"featured_media":11401,"comment_status":"closed","ping_status":"open","sticky":false,"template":"","format":"standard","meta":{"_lmt_disableupdate":"","_lmt_disable":"","_jetpack_memberships_contains_paid_content":false,"footnotes":""},"categories":[109,47],"tags":[1510],"class_list":["post-11400","post","type-post","status-publish","format-standard","has-post-thumbnail","hentry","category-minuto-a-minuto","category-zona-gris","tag-coronavirus-pandemia-global"],"jetpack_featured_media_url":"https:\/\/zonaroja.com.mx\/wp-content\/uploads\/2020\/04\/Covid191.jpeg","jetpack_sharing_enabled":true,"_links":{"self":[{"href":"https:\/\/zonaroja.com.mx\/index.php?rest_route=\/wp\/v2\/posts\/11400","targetHints":{"allow":["GET"]}}],"collection":[{"href":"https:\/\/zonaroja.com.mx\/index.php?rest_route=\/wp\/v2\/posts"}],"about":[{"href":"https:\/\/zonaroja.com.mx\/index.php?rest_route=\/wp\/v2\/types\/post"}],"author":[{"embeddable":true,"href":"https:\/\/zonaroja.com.mx\/index.php?rest_route=\/wp\/v2\/users\/2"}],"replies":[{"embeddable":true,"href":"https:\/\/zonaroja.com.mx\/index.php?rest_route=%2Fwp%2Fv2%2Fcomments&post=11400"}],"version-history":[{"count":1,"href":"https:\/\/zonaroja.com.mx\/index.php?rest_route=\/wp\/v2\/posts\/11400\/revisions"}],"predecessor-version":[{"id":11402,"href":"https:\/\/zonaroja.com.mx\/index.php?rest_route=\/wp\/v2\/posts\/11400\/revisions\/11402"}],"wp:featuredmedia":[{"embeddable":true,"href":"https:\/\/zonaroja.com.mx\/index.php?rest_route=\/wp\/v2\/media\/11401"}],"wp:attachment":[{"href":"https:\/\/zonaroja.com.mx\/index.php?rest_route=%2Fwp%2Fv2%2Fmedia&parent=11400"}],"wp:term":[{"taxonomy":"category","embeddable":true,"href":"https:\/\/zonaroja.com.mx\/index.php?rest_route=%2Fwp%2Fv2%2Fcategories&post=11400"},{"taxonomy":"post_tag","embeddable":true,"href":"https:\/\/zonaroja.com.mx\/index.php?rest_route=%2Fwp%2Fv2%2Ftags&post=11400"}],"curies":[{"name":"wp","href":"https:\/\/api.w.org\/{rel}","templated":true}]}}