{"id":11403,"date":"2020-04-21T09:35:12","date_gmt":"2020-04-21T14:35:12","guid":{"rendered":"http:\/\/www.zonaroja.com.mx\/?p=11403"},"modified":"2020-04-21T09:35:14","modified_gmt":"2020-04-21T14:35:14","slug":"denuncian-mas-violencia-de-genero-en-tlacolula-responsabilizan-a-edil","status":"publish","type":"post","link":"https:\/\/zonaroja.com.mx\/?p=11403","title":{"rendered":"Denuncian m\u00e1s violencia de g\u00e9nero en Tlacolula; responsabilizan a edil"},"content":{"rendered":"\n<p>Evlin Arag\u00f3n\/Zona Roja.<\/p>\n\n\n\n<p>Oaxaca de Ju\u00e1rez, Oax., 21\nde abril de 2020.- \u201cYo solo deseo no ser una cifra, ni ser una m\u00e1s, deseo que\nesto se investigue con seriedad y sin corrupci\u00f3n que se llegue hasta los\nautores intelectuales de esta agresi\u00f3n, de este intento de feminicidio\u201d<\/p>\n\n\n\n<p>Son las palabras de\nChristian Monserrat Mat\u00edas D\u00edaz, ex titular del Instituto de la Mujer en\nTlacolula de Matamoros, quien a trav\u00e9s de un video en sus redes sociales\ndenunci\u00f3 que fue golpeada pos dos mujeres que refirieron llevar \u00f3rdenes del\npresidente municipal de la localidad, Carlos Le\u00f3n Monterrubio.<\/p>\n\n\n\n<p>\u201cTraemos \u00f3rdenes de\nmadrearte\u201d fueron las palabras que escucho alrededor de las 11 de la ma\u00f1ana de\neste lunes previo a los golpes que le propinaron, agresi\u00f3n que adem\u00e1s se\nregistr\u00f3 frente al palacio municipal y sin que las autoridades intervinieran,\nconvirti\u00e9ndose en c\u00f3mplices de la violencia en su contra.<\/p>\n\n\n\n<p>Y aunque posteriormente y\ndebido al reclamo de la mujer, las personas que la agredieron fueron detenidas\npor elementos de la polic\u00eda municipal, minutos despu\u00e9s las dejaron libres por\n\u00f3rdenes superiores.<\/p>\n\n\n\n<p>\u201cQuiero responsabilizar al\npresidente de Tlacolula de Matamoros, Carlos Le\u00f3n Monterrubio por autorizar la\norden de este atentado y al comandante de la direcci\u00f3n de P\u00fablica de Seguridad,\nJorge Roque Altamirano, por encubrir a los agresores, los hago responsables si\nalgo m\u00e1s me llegara a suceder\u201d, refiri\u00f3.<\/p>\n\n\n\n<p>As\u00ed mismo, los\nresponsabiliz\u00f3 de la inseguridad que se vive en el municipio que se ha\nconvertido en un foco rojo de violencia y delincuencia que a nadie parece\nimportar pese a que la inseguridad ha ido en aumento constante y que la\ngobernabilidad es solo un anhelo para la poblaci\u00f3n.<\/p>\n\n\n\n<p>\u201cLas cifras no mienten, en\nTlacolula reina la inseguridad, Tlacolula se ha vuelto un para\u00edso de\ncorrupci\u00f3n, un caldo de cultivo para el robo, el narcotr\u00e1fico, el tr\u00e1fico de\ninfluencias y para los asesinatos\u201d, manifest\u00f3.<\/p>\n\n\n\n<p>Finalmente pidi\u00f3 a las\nautoridades estatales encabezadas por el gobernador Alejandro Murat Hinojosa,\nel fiscal General Rub\u00e9n Vasconcelos M\u00e9ndez y la secretaria de las Mujeres, Ana\nV\u00e1squez Colmenares, dar seguimiento a su caso antes de que sea parte de una\nestad\u00edstica m\u00e1s y una menos para su familia.<\/p>\n\n\n\n<p>\u201cA las autoridades suplic\u00f3\ndar seguimiento a mi denuncia antes de que en sus estad\u00edsticas yo pase a ser\nuna m\u00e1s y en mi familia yo sea una menos\u201d sentenci\u00f3.<\/p>\n","protected":false},"excerpt":{"rendered":"<p>Evlin Arag\u00f3n\/Zona Roja. Oaxaca de Ju\u00e1rez, Oax., 21 de abril de 2020.- \u201cYo solo deseo&hellip;<\/p>\n","protected":false},"author":2,"featured_media":11404,"comment_status":"closed","ping_status":"open","sticky":false,"template":"","format":"standard","meta":{"_lmt_disableupdate":"","_lmt_disable":"","_jetpack_memberships_contains_paid_content":false,"footnotes":""},"categories":[109,51],"tags":[1635],"class_list":["post-11403","post","type-post","status-publish","format-standard","has-post-thumbnail","hentry","category-minuto-a-minuto","category-zona-roja","tag-violencia-de-genero-en-oaxaca"],"jetpack_featured_media_url":"https:\/\/zonaroja.com.mx\/wp-content\/uploads\/2020\/04\/IMG_4160.jpg","jetpack_sharing_enabled":true,"_links":{"self":[{"href":"https:\/\/zonaroja.com.mx\/index.php?rest_route=\/wp\/v2\/posts\/11403","targetHints":{"allow":["GET"]}}],"collection":[{"href":"https:\/\/zonaroja.com.mx\/index.php?rest_route=\/wp\/v2\/posts"}],"about":[{"href":"https:\/\/zonaroja.com.mx\/index.php?rest_route=\/wp\/v2\/types\/post"}],"author":[{"embeddable":true,"href":"https:\/\/zonaroja.com.mx\/index.php?rest_route=\/wp\/v2\/users\/2"}],"replies":[{"embeddable":true,"href":"https:\/\/zonaroja.com.mx\/index.php?rest_route=%2Fwp%2Fv2%2Fcomments&post=11403"}],"version-history":[{"count":1,"href":"https:\/\/zonaroja.com.mx\/index.php?rest_route=\/wp\/v2\/posts\/11403\/revisions"}],"predecessor-version":[{"id":11405,"href":"https:\/\/zonaroja.com.mx\/index.php?rest_route=\/wp\/v2\/posts\/11403\/revisions\/11405"}],"wp:featuredmedia":[{"embeddable":true,"href":"https:\/\/zonaroja.com.mx\/index.php?rest_route=\/wp\/v2\/media\/11404"}],"wp:attachment":[{"href":"https:\/\/zonaroja.com.mx\/index.php?rest_route=%2Fwp%2Fv2%2Fmedia&parent=11403"}],"wp:term":[{"taxonomy":"category","embeddable":true,"href":"https:\/\/zonaroja.com.mx\/index.php?rest_route=%2Fwp%2Fv2%2Fcategories&post=11403"},{"taxonomy":"post_tag","embeddable":true,"href":"https:\/\/zonaroja.com.mx\/index.php?rest_route=%2Fwp%2Fv2%2Ftags&post=11403"}],"curies":[{"name":"wp","href":"https:\/\/api.w.org\/{rel}","templated":true}]}}