{"id":11410,"date":"2020-04-21T10:36:49","date_gmt":"2020-04-21T15:36:49","guid":{"rendered":"http:\/\/www.zonaroja.com.mx\/?p=11410"},"modified":"2020-04-21T11:15:54","modified_gmt":"2020-04-21T16:15:54","slug":"llega-coronavirus-a-la-canada-y-deja-un-muerto-otro-en-tuxtepec","status":"publish","type":"post","link":"https:\/\/zonaroja.com.mx\/?p=11410","title":{"rendered":"Llega coronavirus a la Ca\u00f1ada y deja un muerto; otro en Tuxtepec"},"content":{"rendered":"\n<p>Evlin Arag\u00f3n\/Yuridiana Sosa\/Zona\nRoja.<\/p>\n\n\n\n<p>Oaxaca de Ju\u00e1rez, Oax., 21 de abril de 2020.- El Covid-19 finalmente lleg\u00f3 a la \u00fanica regi\u00f3n del estado de Oaxaca que estaba libre del virus: la Ca\u00f1ada.<\/p>\n\n\n\n<p>El director del Hospital\nRural de Huautla de Jim\u00e9nez, Julio C\u00e9sar Vel\u00e1zquez , confirm\u00f3 el primer caso y\nprimera defunci\u00f3n.<\/p>\n\n\n\n<p>Se trata de un hombre\noriginario de la poblaci\u00f3n de San Mart\u00edn Caballero, del municipio de San Jos\u00e9\nTenango, quien contrajo el virus y present\u00f3 complicaciones, por lo que fue\ninternado en el hospital para recibir atenci\u00f3n m\u00e9dica, en donde finalmente\nmuri\u00f3.<\/p>\n\n\n\n<p>Ser\u00eda la s\u00e9ptima defunci\u00f3n en el estado, ya que hasta el corte de este lunes de los Servicios de Salud de Oaxaca, la cifra era de seis personas fallecidas, dos de las cuales se registraron en Valles Centrales, dos m\u00e1s en la Mixteca, una en la Costa y la \u00faltima en el Istmo.<\/p>\n\n\n\n<p>Hasta el d\u00eda de ayer, la\nCa\u00f1ada hab\u00eda sido la \u00fanica regi\u00f3n oaxaque\u00f1a en la que no se hab\u00eda registrado\ncaso alguno, sin embargo, fue la autoridad m\u00e9dica la que confirm\u00f3 no solo un\ncontagio sino tambi\u00e9n una defunci\u00f3n derivada del virus que ataca al mundo.<\/p>\n\n\n\n<p>TAMBI\u00c9N TUXTEPEC<\/p>\n\n\n\n<p>Por otra parte, la ma\u00f1ana de\neste martes se dio a conocer el primer fallecimiento de un paciente por\nCovid-19 en la Jurisdicci\u00f3n Sanitaria n\u00famero 03, en la regi\u00f3n de la Cuenca del\nPapaloapan, donde hasta este lunes se reportaron cinco casos confirmados. <\/p>\n\n\n\n<p>La v\u00edctima se trata de un masculino, presuntamente con residencia en la ciudad y de quien apenas este lunes se dio a conocer el caso en el corte t\u00e9cnico diario de los Servicios de Salud de Oaxaca.<\/p>\n\n\n\n<p>La autoridad municipal\nindic\u00f3 que los dos casos nuevos para Tuxtepec corresponden a un masculino de 70\na\u00f1os, con residencia en la comunidad de Mac\u00edn Chico y otro m\u00e1s de 59 a\u00f1os, de\nla colonia Mar\u00eda Luisa.<\/p>\n\n\n\n<p>Con anterioridad se dio a\nconocer de un paciente en San Miguel Soyaltepec y otro en San Jos\u00e9 Chiltepec,\npero que en este caso se encontraba hospitalizado en el nosocomio de los SSO en\nTuxtepec.<\/p>\n\n\n\n<p>EL SALDO<\/p>\n\n\n\n<p>En el corte de este lunes,\nla autoridad estatal dio a conocer 69 casos confirmados, siendo la mayor\u00eda en\nel municipio de Oaxaca de Ju\u00e1rez con 12 casos, seguido de Magdalena Apazco con\nseis y San Antonio de la Cal, Santa Mar\u00eda Atzompa y Santa Mar\u00eda Huatulco con\ncuatro casos cada uno.<\/p>\n\n\n\n<p>Asunci\u00f3n Nochixtl\u00e1n, Santa\nCruz Xoxocotl\u00e1n y San Juan Bautista Tuxtepec registran tres casos cada uno,\nmientras que Juchit\u00e1n de Zaragoza, San Bartolo Coyotepec, San Pedro Ixtlahuaca,\nSan Pedro Mixtepec y Santa Luc\u00eda del Camino mantienes dos casos.<\/p>\n\n\n\n<p>Finalmente las localidades\nque hasta el momento s\u00f3lo registran un caso de Covid-19 son: \u00c1nimas Trujano,\nChalcatongo de Hidalgo, Ci\u00e9nega de Zimatl\u00e1n, Guadalupe Etla, Huajuapan de Le\u00f3n,\nMesones Hidalgo, San Jacinta Amilpas, San Jos\u00e9 Chiltepec,San Manteo R\u00edo Hondo,\nSan Miguel Soyaltepec, San Nicol\u00e1s. <\/p>\n\n\n\n<p>San Pablo Huitzo, San Pedro\ny San Pablo Tequixtepec, San Sebasti\u00e1n Teitipac, Santa Mar\u00eda del Tule, Santiago\nSuchilquitongo, Tezoatl\u00e1n de Segura y Luna, Villa de Tamazulapam del Progreso y\nSan Miguel Tequixtepec.<\/p>\n\n\n\n<p>La ma\u00f1ana de este martes fue\ndeclarada por las autoridades federales el inicio de la Fase 3 con la que se\nesperan mayor cantidad de contagios de acuerdo a las estimaciones de las\nautoridades, raz\u00f3n por la que insistieron en las medidas es de prevenci\u00f3n\nincluidas en la jornada de \u201csana distancia\u201d y la permanencia en casa.<\/p>\n\n\n\n<p>Apenas ayer el personal del\nHospital Civil \u201cDr. Aurelio Valdivieso, denunciaba la falta de material y\nequipo para atender la contingencia que viene y ped\u00eda a las autoridades estar\npendiente del nosocomio, que aunque no est\u00e1 destinado para la atenci\u00f3n de\ncasos, la probabilidad de que pacientes con Covid-19 lleguen al centro m\u00e9dico\nes muy alta y debe ser toma en cuenta.<\/p>\n","protected":false},"excerpt":{"rendered":"<p>Evlin Arag\u00f3n\/Yuridiana Sosa\/Zona Roja. Oaxaca de Ju\u00e1rez, Oax., 21 de abril de 2020.- El Covid-19&hellip;<\/p>\n","protected":false},"author":2,"featured_media":11411,"comment_status":"closed","ping_status":"open","sticky":false,"template":"","format":"standard","meta":{"_lmt_disableupdate":"","_lmt_disable":"","_jetpack_memberships_contains_paid_content":false,"footnotes":""},"categories":[109,47],"tags":[1512],"class_list":["post-11410","post","type-post","status-publish","format-standard","has-post-thumbnail","hentry","category-minuto-a-minuto","category-zona-gris","tag-coronavirus-oaxaca"],"jetpack_featured_media_url":"https:\/\/zonaroja.com.mx\/wp-content\/uploads\/2020\/04\/IMG_4200.png","jetpack_sharing_enabled":true,"_links":{"self":[{"href":"https:\/\/zonaroja.com.mx\/index.php?rest_route=\/wp\/v2\/posts\/11410","targetHints":{"allow":["GET"]}}],"collection":[{"href":"https:\/\/zonaroja.com.mx\/index.php?rest_route=\/wp\/v2\/posts"}],"about":[{"href":"https:\/\/zonaroja.com.mx\/index.php?rest_route=\/wp\/v2\/types\/post"}],"author":[{"embeddable":true,"href":"https:\/\/zonaroja.com.mx\/index.php?rest_route=\/wp\/v2\/users\/2"}],"replies":[{"embeddable":true,"href":"https:\/\/zonaroja.com.mx\/index.php?rest_route=%2Fwp%2Fv2%2Fcomments&post=11410"}],"version-history":[{"count":2,"href":"https:\/\/zonaroja.com.mx\/index.php?rest_route=\/wp\/v2\/posts\/11410\/revisions"}],"predecessor-version":[{"id":11413,"href":"https:\/\/zonaroja.com.mx\/index.php?rest_route=\/wp\/v2\/posts\/11410\/revisions\/11413"}],"wp:featuredmedia":[{"embeddable":true,"href":"https:\/\/zonaroja.com.mx\/index.php?rest_route=\/wp\/v2\/media\/11411"}],"wp:attachment":[{"href":"https:\/\/zonaroja.com.mx\/index.php?rest_route=%2Fwp%2Fv2%2Fmedia&parent=11410"}],"wp:term":[{"taxonomy":"category","embeddable":true,"href":"https:\/\/zonaroja.com.mx\/index.php?rest_route=%2Fwp%2Fv2%2Fcategories&post=11410"},{"taxonomy":"post_tag","embeddable":true,"href":"https:\/\/zonaroja.com.mx\/index.php?rest_route=%2Fwp%2Fv2%2Ftags&post=11410"}],"curies":[{"name":"wp","href":"https:\/\/api.w.org\/{rel}","templated":true}]}}