{"id":11421,"date":"2020-04-21T14:29:06","date_gmt":"2020-04-21T19:29:06","guid":{"rendered":"http:\/\/www.zonaroja.com.mx\/?p=11421"},"modified":"2020-04-21T14:29:08","modified_gmt":"2020-04-21T19:29:08","slug":"son-los-que-realizan-pruebas-de-laboratorio-del-covid-19-y-no-los-reconocen","status":"publish","type":"post","link":"https:\/\/zonaroja.com.mx\/?p=11421","title":{"rendered":"Son los que realizan pruebas de laboratorio del Covid-19 y no los reconocen"},"content":{"rendered":"\n<p>Evlin Arag\u00f3n\/Zona Roja.<\/p>\n\n\n\n<p>Oaxaca de Ju\u00e1rez, Oax., 21\nde abril de 2020.- En plena contingencia sanitaria, profesionales qu\u00edmicos\nadscritos a los Servicios de Salud de Oaxaca, exigieron que su trabajo sea\ntomado en cuanto con la importancia que merece, ya que alrededor de 99 personas\ndesempe\u00f1an su labor con un sueldo inferior al que por ley les corresponde.<\/p>\n\n\n\n<p>En tiempos de coronavirus,\nson ellas y ellos los que realizan las tomas de muestras de casos sospechosos, unos\nlas procesan y otras m\u00e1s realizan el diagn\u00f3stico del virus; aun as\u00ed, su labor\nes poco conocida y reconocida por la poblaci\u00f3n y las autoridades de salud.<\/p>\n\n\n\n<p>Por ello, este martes\nhicieron una peque\u00f1a manifestaci\u00f3n en el z\u00f3calo de la ciudad, en la que\nrespetando la sana distancia, mostraron su inconformidad al ser llamados\nt\u00e9cnicos, cuando sus estudios universitarios los avalan como profesionales\nqu\u00edmicos, por lo que exigieron a la autoridad en materia de salud se les asigne\nsu c\u00f3digo respectivo.<\/p>\n\n\n\n<p>Explicaron que aunque son\npersonal de base, no son reconocidos como se deber\u00eda, ello pese a la importante\nlabor que realizan en respaldo al trabajo de las y los profesionales m\u00e9dicos,\ntoda vez que para llegar a un diagn\u00f3stico correcto son necesarias las pruebas\nde laboratorio.<\/p>\n\n\n\n<p>\u201cSomos trabajadores de los\nServicios de Salud, 99 qu\u00edmicos con una situaci\u00f3n laboral en la cual nosotros\nestamos ejerciendo nuestra profesi\u00f3n con un sueldo o remuneraci\u00f3n inferior al\ntrabajo que desempe\u00f1amos\u201d, dijo la qu\u00edmica Areli Magdalena, una de las\nafectadas.<\/p>\n\n\n\n<p>En este sentido, explic\u00f3 que\ntodas y todos cuentan con el t\u00edtulo y c\u00e9dula profesional que avala sus\nestudios, por lo que no est\u00e1n dispuestos a seguir soportando que sean vistos\ncomo t\u00e9cnicos, demeritando la labor que realizan, particularmente en momentos\ncomo los que vive el mundo, en el que se retoma la importancia del sector salud\nen su totalidad.<\/p>\n\n\n\n<p>Carlos Jimerio, qu\u00edmico\nprocedente de Tuxtepec, detall\u00f3 que desde hace dos a\u00f1os han buscado la\nconversi\u00f3n de c\u00f3digo que les permita pasar de t\u00e9cnicos a profesionales en\nqu\u00edmica, lo cual permita tener un sueldo adecuado al trabajo que realizan,\nalgunos desde hace m\u00e1s de 25 a\u00f1os en la instituci\u00f3n p\u00fablica.<\/p>\n\n\n\n<p>No obstante, las autoridades\nde Salud y de Finanzas no han dado respuesta satisfactoria a su demanda, raz\u00f3n\npor la que decidieron hacer p\u00fablica la situaci\u00f3n, ya que en la actualidad perciben\nel 50 por ciento de lo que les corresponde al tratarse de personal profesional.<\/p>\n\n\n\n<p>\u201cNuestra labor es\nimportante, recuerden que si un qu\u00edmico no realiza las pruebas, dif\u00edcilmente se\npuede hacer un diagn\u00f3stico correcto por el personal m\u00e9dico, queremos ser\nreconocidos por lo que somos y hacemos al interior de los Servicios de Salud\u201d,\ndijo.<\/p>\n\n\n\n<p>La manifestaci\u00f3n fue breve,\nsin embargo, reiteraron su compromiso de seguir realizando su importante labor;\ninsistieron en la imperante necesidad de que sean reconocidos como un sector\nfundamental al interior de los Servicios de Salud.<\/p>\n","protected":false},"excerpt":{"rendered":"<p>Evlin Arag\u00f3n\/Zona Roja. Oaxaca de Ju\u00e1rez, Oax., 21 de abril de 2020.- En plena contingencia&hellip;<\/p>\n","protected":false},"author":2,"featured_media":11422,"comment_status":"closed","ping_status":"open","sticky":false,"template":"","format":"standard","meta":{"_lmt_disableupdate":"","_lmt_disable":"","_jetpack_memberships_contains_paid_content":false,"footnotes":""},"categories":[109,47],"tags":[1005],"class_list":["post-11421","post","type-post","status-publish","format-standard","has-post-thumbnail","hentry","category-minuto-a-minuto","category-zona-gris","tag-servicios-de-salud-de-oaxaca-sso"],"jetpack_featured_media_url":"https:\/\/zonaroja.com.mx\/wp-content\/uploads\/2020\/04\/81784c9c-c252-4466-a2fc-3951189b6a5f.jpg","jetpack_sharing_enabled":true,"_links":{"self":[{"href":"https:\/\/zonaroja.com.mx\/index.php?rest_route=\/wp\/v2\/posts\/11421","targetHints":{"allow":["GET"]}}],"collection":[{"href":"https:\/\/zonaroja.com.mx\/index.php?rest_route=\/wp\/v2\/posts"}],"about":[{"href":"https:\/\/zonaroja.com.mx\/index.php?rest_route=\/wp\/v2\/types\/post"}],"author":[{"embeddable":true,"href":"https:\/\/zonaroja.com.mx\/index.php?rest_route=\/wp\/v2\/users\/2"}],"replies":[{"embeddable":true,"href":"https:\/\/zonaroja.com.mx\/index.php?rest_route=%2Fwp%2Fv2%2Fcomments&post=11421"}],"version-history":[{"count":1,"href":"https:\/\/zonaroja.com.mx\/index.php?rest_route=\/wp\/v2\/posts\/11421\/revisions"}],"predecessor-version":[{"id":11423,"href":"https:\/\/zonaroja.com.mx\/index.php?rest_route=\/wp\/v2\/posts\/11421\/revisions\/11423"}],"wp:featuredmedia":[{"embeddable":true,"href":"https:\/\/zonaroja.com.mx\/index.php?rest_route=\/wp\/v2\/media\/11422"}],"wp:attachment":[{"href":"https:\/\/zonaroja.com.mx\/index.php?rest_route=%2Fwp%2Fv2%2Fmedia&parent=11421"}],"wp:term":[{"taxonomy":"category","embeddable":true,"href":"https:\/\/zonaroja.com.mx\/index.php?rest_route=%2Fwp%2Fv2%2Fcategories&post=11421"},{"taxonomy":"post_tag","embeddable":true,"href":"https:\/\/zonaroja.com.mx\/index.php?rest_route=%2Fwp%2Fv2%2Ftags&post=11421"}],"curies":[{"name":"wp","href":"https:\/\/api.w.org\/{rel}","templated":true}]}}