{"id":11425,"date":"2020-04-21T15:35:15","date_gmt":"2020-04-21T20:35:15","guid":{"rendered":"https:\/\/www.zonaroja.com.mx\/?p=11425"},"modified":"2020-04-21T15:35:17","modified_gmt":"2020-04-21T20:35:17","slug":"confirman-los-sso-dos-fallecidos-por-covid-19-suman-8-decesos-en-oaxaca","status":"publish","type":"post","link":"https:\/\/zonaroja.com.mx\/?p=11425","title":{"rendered":"Confirman los SSO dos fallecidos por Covid-19; suman 8 decesos en Oaxaca"},"content":{"rendered":"\n<p>Redacci\u00f3n\/Zona Roja. <\/p>\n\n\n\n<p>Oaxaca de Ju\u00e1rez, Oax. 21 de abril de 2020.- Los Servicios de Salud de Oaxaca (SSO) confirmaron dos fallecimientos por CoVid-19 en la entidad en las \u00faltimas horas.<\/p>\n\n\n\n<p>Con ello suman ocho decesos y 69 casos confirmados (de acuerdo al corte del 20 de abril) en el marco del inici\u00f3 a la Fase 3 en la pandemia por el nuevo coronavirus en Oaxaca.<\/p>\n\n\n\n<p>En un comunicado, el secretario de Salud, Donato Casas Escamilla, detall\u00f3 que el Instituto Mexicano del Seguro Social (IMSS) notific\u00f3 que un hombre de 53 a\u00f1os de edad, originario de la regi\u00f3n Ca\u00f1ada, perdi\u00f3 la vida, al presentar complicaciones m\u00e9dicas, por padecer insuficiencia renal, por lo que fue atendido por el personal m\u00e9dico del Hospital Rural n\u00famero 39 del IMSS-Bienestar de Huautla de Jim\u00e9nez.<\/p>\n\n\n\n<p>Asimismo, la otra defunci\u00f3n por Covif-19 se trata de un poblador de San Juan Bautista, Tuxtepec, de sexo masculino con 70 a\u00f1os de edad, y un diagn\u00f3stico subyacente de hipertensi\u00f3n arterial, quien no logr\u00f3 vencer la enfermedad a pesar de los esfuerzos m\u00e9dicos del nosocomio general de Tuxtepec.<\/p>\n\n\n\n<p>Ante el avance r\u00e1pido de la incidencia de casos e \u00edndices de mortalidad en Oaxaca, Casas Escamilla explic\u00f3 que la Fase 3 corresponde al escenario m\u00e1s critic\u00f3 de la pandemia, donde se pierde el monitoreo de las cadenas de contagio, hay una dispersi\u00f3n veloz de casos y la demanda por los servicios de salud se eleva.<\/p>\n\n\n\n<p>Por lo cual, pidi\u00f3 a la ciudadan\u00eda que solo los servicios esenciales deber\u00e1n permanecer abiertos.&nbsp;<\/p>\n\n\n\n<p>\u201cPara evitar el colapso de los hospitales, es fundamental el papel activo y cooperativo de los oaxaque\u00f1os, todos los sectores deben participar.&nbsp;<\/p>\n\n\n\n<p>\u201cEn la lucha contra el Covif-19, el frente de batalla no solo est\u00e1 en los hospitales, sino tambi\u00e9n en cada hogar donde las personas deben permanecer para evitar contagiarse\u201d, dijo. <\/p>\n","protected":false},"excerpt":{"rendered":"<p>Redacci\u00f3n\/Zona Roja. Oaxaca de Ju\u00e1rez, Oax. 21 de abril de 2020.- Los Servicios de Salud&hellip;<\/p>\n","protected":false},"author":2,"featured_media":11424,"comment_status":"closed","ping_status":"open","sticky":false,"template":"","format":"standard","meta":{"_lmt_disableupdate":"","_lmt_disable":"","_jetpack_memberships_contains_paid_content":false,"footnotes":""},"categories":[109,47],"tags":[],"class_list":["post-11425","post","type-post","status-publish","format-standard","has-post-thumbnail","hentry","category-minuto-a-minuto","category-zona-gris"],"jetpack_featured_media_url":"https:\/\/zonaroja.com.mx\/wp-content\/uploads\/2020\/04\/img_3050.jpg","jetpack_sharing_enabled":true,"_links":{"self":[{"href":"https:\/\/zonaroja.com.mx\/index.php?rest_route=\/wp\/v2\/posts\/11425","targetHints":{"allow":["GET"]}}],"collection":[{"href":"https:\/\/zonaroja.com.mx\/index.php?rest_route=\/wp\/v2\/posts"}],"about":[{"href":"https:\/\/zonaroja.com.mx\/index.php?rest_route=\/wp\/v2\/types\/post"}],"author":[{"embeddable":true,"href":"https:\/\/zonaroja.com.mx\/index.php?rest_route=\/wp\/v2\/users\/2"}],"replies":[{"embeddable":true,"href":"https:\/\/zonaroja.com.mx\/index.php?rest_route=%2Fwp%2Fv2%2Fcomments&post=11425"}],"version-history":[{"count":1,"href":"https:\/\/zonaroja.com.mx\/index.php?rest_route=\/wp\/v2\/posts\/11425\/revisions"}],"predecessor-version":[{"id":11426,"href":"https:\/\/zonaroja.com.mx\/index.php?rest_route=\/wp\/v2\/posts\/11425\/revisions\/11426"}],"wp:featuredmedia":[{"embeddable":true,"href":"https:\/\/zonaroja.com.mx\/index.php?rest_route=\/wp\/v2\/media\/11424"}],"wp:attachment":[{"href":"https:\/\/zonaroja.com.mx\/index.php?rest_route=%2Fwp%2Fv2%2Fmedia&parent=11425"}],"wp:term":[{"taxonomy":"category","embeddable":true,"href":"https:\/\/zonaroja.com.mx\/index.php?rest_route=%2Fwp%2Fv2%2Fcategories&post=11425"},{"taxonomy":"post_tag","embeddable":true,"href":"https:\/\/zonaroja.com.mx\/index.php?rest_route=%2Fwp%2Fv2%2Ftags&post=11425"}],"curies":[{"name":"wp","href":"https:\/\/api.w.org\/{rel}","templated":true}]}}