{"id":11433,"date":"2020-04-21T21:25:55","date_gmt":"2020-04-22T02:25:55","guid":{"rendered":"http:\/\/www.zonaroja.com.mx\/?p=11433"},"modified":"2020-04-21T21:25:58","modified_gmt":"2020-04-22T02:25:58","slug":"ejecutan-a-hijo-de-ex-candidato-a-presidente-en-tuxtepec","status":"publish","type":"post","link":"https:\/\/zonaroja.com.mx\/?p=11433","title":{"rendered":"Ejecutan a hijo de ex candidato a presidente en Tuxtepec"},"content":{"rendered":"\n<p>Redacci\u00f3n\/Zona Roja.<\/p>\n\n\n\n<p>Oaxaca de Ju\u00e1rez, Oax., 21\nde abril de 2020.- Las ejecuciones cotidianas contin\u00faan en el municipio de San\nJuan Bautista Tuxtepec, en la regi\u00f3n de la Cuenca; el saldo de este martes es\nde una persona asesinada por disparos de arma de fuego.<\/p>\n\n\n\n<p>La v\u00edctima del ataque armado\nfue identificada como Hugo Ch\u00e1vez Osorio, de aproximadamente 34 a\u00f1os, hijo del\nex candidato a presidente municipal de Tuxtepec, Alberto Ch\u00e0vez, tambi\u00e9n ex\ndelegado estatal del IEEPO en la Cuenca.<\/p>\n\n\n\n<p>Los hechos se registraron la\ntarde de este martes a fuera de una agencia de autos ubicada sobre el bulevar\nBicentenario, en el acceso norte a la ciudad de Tuxtepec.<\/p>\n\n\n\n<p>Desde el s\u00e1bado pasado se\nhan registrado de forma continua una ejecuci\u00f3n diaria en ese municipio de la\nregi\u00f3n norte de Oaxaca.<\/p>\n\n\n\n<p>De acuerdo con recuentos\nhemerogr\u00e1ficos, tan s\u00f3lo en lo que va de este a\u00f1o suman cerca de 50 v\u00edctimas de\nlas balas.<\/p>\n","protected":false},"excerpt":{"rendered":"<p>Redacci\u00f3n\/Zona Roja. Oaxaca de Ju\u00e1rez, Oax., 21 de abril de 2020.- Las ejecuciones cotidianas contin\u00faan&hellip;<\/p>\n","protected":false},"author":2,"featured_media":11434,"comment_status":"closed","ping_status":"open","sticky":false,"template":"","format":"standard","meta":{"_lmt_disableupdate":"","_lmt_disable":"","_jetpack_memberships_contains_paid_content":false,"footnotes":""},"categories":[51],"tags":[635],"class_list":["post-11433","post","type-post","status-publish","format-standard","has-post-thumbnail","hentry","category-zona-roja","tag-ejecutado-tuxtepec"],"jetpack_featured_media_url":"https:\/\/zonaroja.com.mx\/wp-content\/uploads\/2020\/04\/Ejecutado-Tux.jpg","jetpack_sharing_enabled":true,"_links":{"self":[{"href":"https:\/\/zonaroja.com.mx\/index.php?rest_route=\/wp\/v2\/posts\/11433","targetHints":{"allow":["GET"]}}],"collection":[{"href":"https:\/\/zonaroja.com.mx\/index.php?rest_route=\/wp\/v2\/posts"}],"about":[{"href":"https:\/\/zonaroja.com.mx\/index.php?rest_route=\/wp\/v2\/types\/post"}],"author":[{"embeddable":true,"href":"https:\/\/zonaroja.com.mx\/index.php?rest_route=\/wp\/v2\/users\/2"}],"replies":[{"embeddable":true,"href":"https:\/\/zonaroja.com.mx\/index.php?rest_route=%2Fwp%2Fv2%2Fcomments&post=11433"}],"version-history":[{"count":1,"href":"https:\/\/zonaroja.com.mx\/index.php?rest_route=\/wp\/v2\/posts\/11433\/revisions"}],"predecessor-version":[{"id":11435,"href":"https:\/\/zonaroja.com.mx\/index.php?rest_route=\/wp\/v2\/posts\/11433\/revisions\/11435"}],"wp:featuredmedia":[{"embeddable":true,"href":"https:\/\/zonaroja.com.mx\/index.php?rest_route=\/wp\/v2\/media\/11434"}],"wp:attachment":[{"href":"https:\/\/zonaroja.com.mx\/index.php?rest_route=%2Fwp%2Fv2%2Fmedia&parent=11433"}],"wp:term":[{"taxonomy":"category","embeddable":true,"href":"https:\/\/zonaroja.com.mx\/index.php?rest_route=%2Fwp%2Fv2%2Fcategories&post=11433"},{"taxonomy":"post_tag","embeddable":true,"href":"https:\/\/zonaroja.com.mx\/index.php?rest_route=%2Fwp%2Fv2%2Ftags&post=11433"}],"curies":[{"name":"wp","href":"https:\/\/api.w.org\/{rel}","templated":true}]}}