{"id":11436,"date":"2020-04-21T21:51:00","date_gmt":"2020-04-22T02:51:00","guid":{"rendered":"http:\/\/www.zonaroja.com.mx\/?p=11436"},"modified":"2020-04-21T22:06:33","modified_gmt":"2020-04-22T03:06:33","slug":"opera-en-la-mixteca-grupo-de-choque-que-se-alquila-a-autoridades-municipales","status":"publish","type":"post","link":"https:\/\/zonaroja.com.mx\/?p=11436","title":{"rendered":"Opera en la Mixteca grupo de choque que se alquila a autoridades municipales"},"content":{"rendered":"\n<p>Ismael Garc\u00eda M.\/Zona Roja.<\/p>\n\n\n\n<p>Oaxaca de Ju\u00e1rez, Oax., 21\nde abril de 2020.- En la regi\u00f3n Mixteca de Oaxaca opera un grupo de choque que\nse alquila para autoridades municipales u organizaciones sociales. Sus m\u00e1s\nrecientes actividades fueron en Santiago Juxtlahuaca, donde intervinieron para\ndesalojar por la fuerza a opositores al edil Nicol\u00e1s Feria.<\/p>\n\n\n\n<p>Fueron detenidos ayer por\nescandalizar en presunto estado de ebriedad en San Marcos Arteaga, cuando iban\nde regreso a Huajuapan de Le\u00f3n y golpearon a autoridades municipales; sin\nembargo, se escudan bajo las siglas del FNIC y el FPR, quienes ayer bloquearon\ncarreteras para liberarlos.<\/p>\n\n\n\n<p>En el municipio de San\nMarcos Arteaga, en presunto estado de ebriedad provocaran una ri\u00f1a en donde lesionaron\nal s\u00edndico y al tesorero municipal.<\/p>\n\n\n\n<p>Los afectados refieren que\neste grupo de v\u00e1ndalos hab\u00eda asistido en primera instancia al municipio de\nSantiago Juxtlahuaca, contratados por el presidente municipal, Nicol\u00e1s Feria\nRomero, para golpear a los ciudadanos de esa localidad en un reciente desalojo\nefectuado en d\u00edas pasados a pobladores de esa localidad.<\/p>\n\n\n\n<p>Los agresores se dieron a la fuga con rumbo a la ciudad de Huajuapan, por lo que aproximadamente a las 19:30 horas del domingo, las corporaciones de seguridad recibieron una llamada de apoyo al referir que en San Marcos Arteaga se hab\u00eda suscitado una trifulca por personas quienes iban a bordo de dos veh\u00edculos del servicio p\u00fablico de alquiler.<\/p>\n\n\n\n<figure class=\"wp-block-image\"><img decoding=\"async\" width=\"1024\" height=\"576\" src=\"http:\/\/www.zonaroja.com.mx\/wp-content\/uploads\/2020\/04\/PHOTO-2020-04-21-21-20-53-1024x576.jpg\" alt=\"\" class=\"wp-image-11438\" srcset=\"https:\/\/zonaroja.com.mx\/wp-content\/uploads\/2020\/04\/PHOTO-2020-04-21-21-20-53-1024x576.jpg 1024w, https:\/\/zonaroja.com.mx\/wp-content\/uploads\/2020\/04\/PHOTO-2020-04-21-21-20-53-300x169.jpg 300w, https:\/\/zonaroja.com.mx\/wp-content\/uploads\/2020\/04\/PHOTO-2020-04-21-21-20-53-768x432.jpg 768w, https:\/\/zonaroja.com.mx\/wp-content\/uploads\/2020\/04\/PHOTO-2020-04-21-21-20-53-1170x658.jpg 1170w, https:\/\/zonaroja.com.mx\/wp-content\/uploads\/2020\/04\/PHOTO-2020-04-21-21-20-53-585x329.jpg 585w, https:\/\/zonaroja.com.mx\/wp-content\/uploads\/2020\/04\/PHOTO-2020-04-21-21-20-53.jpg 1280w\" sizes=\"(max-width: 1024px) 100vw, 1024px\" \/><\/figure>\n\n\n\n<p>Los elementos de seguridad\nrealizaron un operativo en la carretera que comunica de Huajuapan a Santiago\nJuxtlahuaca, donde en el tramo de la entrada a la agencia a San Pedro Yodoxuxi\ny la zona conocida como \u201cJunta de los R\u00edos\u201d, la Polic\u00eda Estatal ten\u00eda detenidos\na dos veh\u00edculos que coincid\u00edan con las caracter\u00edsticas de los que buscaban.<\/p>\n\n\n\n<p>A bordo de los taxis se\nencontraban los tripulantes en estado de ebriedad, siendo un veh\u00edculo marca\nNissan, tipo Tsuru, color blanco con tri\u00e1ngulos azules, con placas de\ncirculaci\u00f3n del Estado de Oaxaca, perteneciente al Frente Nacional Ind\u00edgena y\nCampesino (FNIC), de igual forma el segundo veh\u00edculo marca Nissan con las\nmismas caracter\u00edsticas y del mismo sitio de taxis.<\/p>\n\n\n\n<p>Los choferes fueron\ndetenidos y trasladados al cuartel de seguridad p\u00fablica, donde quedaron a disposici\u00f3n\ndel juez calificador en turno para la investigaci\u00f3n de los hechos y se\ndeterminara su situaci\u00f3n jur\u00eddica.<\/p>\n\n\n\n<p>A la ma\u00f1ana siguiente,\nderivado de la retenci\u00f3n de las dos unidades de motor y de ocho integrantes de\neste grupo, integrantes del Frente Nacional Ind\u00edgena y Campesino (FNIC)\niniciaron un bloqueo en la carretera que comunica a Huajuapan con Juxtlahuaca,\na la altura de la Agencia Santa Mar\u00eda Xochixtlapilco.<\/p>\n\n\n\n<p>Dicha movilizaci\u00f3n fue\nrealizada en exigencia a que fueran liberados tanto los v\u00e1ndalos como las\nunidades de motor.<\/p>\n\n\n\n<p>Desde ayer lunes 20 abril se\nllev\u00f3 a cabo una mesa de negociaci\u00f3n la cual se ha prolongado hasta este\nmartes, en donde se encuentra una comitiva de representantes de Santiago\nJuxtlahuaca, San Marcos Arteaga y autoridades estatales para llegar a&nbsp; acuerdos en torno&nbsp; a estos violentos hechos que trastoca&nbsp; la Paz y tranquilidad de las comunidades\nind\u00edgenas. <\/p>\n\n\n\n<p>No obstante, los detenidos\ninsisten que son protegidos por el FNIC de Israel Ram\u00edrez y el Frente Popular\nRevolucionario (FPR) que encabeza Filadelfo Berista\u00edn.<\/p>\n","protected":false},"excerpt":{"rendered":"<p>Ismael Garc\u00eda M.\/Zona Roja. Oaxaca de Ju\u00e1rez, Oax., 21 de abril de 2020.- En la&hellip;<\/p>\n","protected":false},"author":2,"featured_media":11437,"comment_status":"closed","ping_status":"open","sticky":false,"template":"","format":"standard","meta":{"_lmt_disableupdate":"","_lmt_disable":"","_jetpack_memberships_contains_paid_content":false,"footnotes":""},"categories":[109,47],"tags":[1637],"class_list":["post-11436","post","type-post","status-publish","format-standard","has-post-thumbnail","hentry","category-minuto-a-minuto","category-zona-gris","tag-san-marcos-arteaga"],"jetpack_featured_media_url":"https:\/\/zonaroja.com.mx\/wp-content\/uploads\/2020\/04\/3a982907-447d-4e5c-845d-5537ebcb77e7.jpg","jetpack_sharing_enabled":true,"_links":{"self":[{"href":"https:\/\/zonaroja.com.mx\/index.php?rest_route=\/wp\/v2\/posts\/11436","targetHints":{"allow":["GET"]}}],"collection":[{"href":"https:\/\/zonaroja.com.mx\/index.php?rest_route=\/wp\/v2\/posts"}],"about":[{"href":"https:\/\/zonaroja.com.mx\/index.php?rest_route=\/wp\/v2\/types\/post"}],"author":[{"embeddable":true,"href":"https:\/\/zonaroja.com.mx\/index.php?rest_route=\/wp\/v2\/users\/2"}],"replies":[{"embeddable":true,"href":"https:\/\/zonaroja.com.mx\/index.php?rest_route=%2Fwp%2Fv2%2Fcomments&post=11436"}],"version-history":[{"count":1,"href":"https:\/\/zonaroja.com.mx\/index.php?rest_route=\/wp\/v2\/posts\/11436\/revisions"}],"predecessor-version":[{"id":11439,"href":"https:\/\/zonaroja.com.mx\/index.php?rest_route=\/wp\/v2\/posts\/11436\/revisions\/11439"}],"wp:featuredmedia":[{"embeddable":true,"href":"https:\/\/zonaroja.com.mx\/index.php?rest_route=\/wp\/v2\/media\/11437"}],"wp:attachment":[{"href":"https:\/\/zonaroja.com.mx\/index.php?rest_route=%2Fwp%2Fv2%2Fmedia&parent=11436"}],"wp:term":[{"taxonomy":"category","embeddable":true,"href":"https:\/\/zonaroja.com.mx\/index.php?rest_route=%2Fwp%2Fv2%2Fcategories&post=11436"},{"taxonomy":"post_tag","embeddable":true,"href":"https:\/\/zonaroja.com.mx\/index.php?rest_route=%2Fwp%2Fv2%2Ftags&post=11436"}],"curies":[{"name":"wp","href":"https:\/\/api.w.org\/{rel}","templated":true}]}}