{"id":11442,"date":"2020-04-21T22:08:09","date_gmt":"2020-04-22T03:08:09","guid":{"rendered":"http:\/\/www.zonaroja.com.mx\/?p=11442"},"modified":"2020-04-21T22:08:11","modified_gmt":"2020-04-22T03:08:11","slug":"reportan-tres-nuevos-casos-de-coronavirus-uno-en-teotitlan","status":"publish","type":"post","link":"https:\/\/zonaroja.com.mx\/?p=11442","title":{"rendered":"Reportan tres nuevos casos de coronavirus, uno en Teotitl\u00e1n"},"content":{"rendered":"\n<p>Redacci\u00f3n\/Zona Roja.<\/p>\n\n\n\n<p>Oaxaca de Ju\u00e1rez, Oax., 21\nde abril de 2020.- La regi\u00f3n Ca\u00f1ada registr\u00f3 un segundo caso de coronavirus.<\/p>\n\n\n\n<p>Este martes, los Servicios\nde Salud de Oaxaca reportaron tres nuevos contagios por Covid-19, con lo que la\ncifra total ascendi\u00f3 a 72; uno de los infectados es de Teotitl\u00e1n de Flores\nMag\u00f3n. Asimismo, confirm\u00f3 ocho fallecimientos.<\/p>\n\n\n\n<p>El titular de la\ndependencia, Donato Casas Escamilla, inform\u00f3 adem\u00e1s que en el \u00faltimo corte\nepidemiol\u00f3gico se han realizado 510 pruebas a personas con s\u00edntomas compatibles\na esta patolog\u00eda, de este universo 414 han dado negativo al virus, 24 se\nencuentran en espera de resultados y 38 pacientes se han recuperado de la\nenfermedad, lo que representa el 36 por ciento del total de casos positivos.<\/p>\n\n\n\n<p>En un comunicado, precis\u00f3\nque respecto a la distribuci\u00f3n de notificaciones por Jurisdicci\u00f3n Sanitaria, Valles\nCentrales concentra 45 casos, seguido por la Mixteca con 11, Costa y Tuxtepec\nregistran seis pacientes, respectivamente, Istmo de Tehuantepec con tres casos\ny la Sierra (Norte) se mantiene con una notificaci\u00f3n.<\/p>\n\n\n\n<p>Casas Escamilla mencion\u00f3 que la presencia del coronavirus se ha esparcido en 33 municipios del territorio oaxaque\u00f1o &#8211; sin contar la notificaci\u00f3n procedente de Puebla que se carg\u00f3 a la entidad-.<\/p>\n\n\n\n<figure class=\"wp-block-image\"><img decoding=\"async\" width=\"1024\" height=\"991\" src=\"http:\/\/www.zonaroja.com.mx\/wp-content\/uploads\/2020\/04\/GRAFICAS-SSO-2-1024x991.jpeg\" alt=\"\" class=\"wp-image-11444\" srcset=\"https:\/\/zonaroja.com.mx\/wp-content\/uploads\/2020\/04\/GRAFICAS-SSO-2-1024x991.jpeg 1024w, https:\/\/zonaroja.com.mx\/wp-content\/uploads\/2020\/04\/GRAFICAS-SSO-2-300x290.jpeg 300w, https:\/\/zonaroja.com.mx\/wp-content\/uploads\/2020\/04\/GRAFICAS-SSO-2-768x743.jpeg 768w, https:\/\/zonaroja.com.mx\/wp-content\/uploads\/2020\/04\/GRAFICAS-SSO-2-1170x1132.jpeg 1170w, https:\/\/zonaroja.com.mx\/wp-content\/uploads\/2020\/04\/GRAFICAS-SSO-2-585x566.jpeg 585w, https:\/\/zonaroja.com.mx\/wp-content\/uploads\/2020\/04\/GRAFICAS-SSO-2.jpeg 1275w\" sizes=\"(max-width: 1024px) 100vw, 1024px\" \/><\/figure>\n\n\n\n<p>Dentro de la gr\u00e1fica de\nincidencia por edad, el funcionario enlist\u00f3 que se ha reportado un caso en\nedades de 1 a 4 a\u00f1os, uno m\u00e1s de 15 a 19 a\u00f1os, seis en edades de los 20 a 24\na\u00f1os; as\u00ed como 26 casos en personas de 24 a 44 a\u00f1os, siete en edades de 45 a 49\na\u00f1os, 14 de 50 a 59 a\u00f1os; al igual que cinco casos en pacientes de 60 a 64 a\u00f1os\ny 12 m\u00e1s en personas de 65 a\u00f1os y m\u00e1s.<\/p>\n\n\n\n<p>Por la condici\u00f3n cl\u00ednica de\nlas personas confirmadas, se\u00f1al\u00f3 que el n\u00famero de hospitalizados representa el\n23% (17 casos) y ambulatorios el 76.4 % (55 casos). De este global el 54%\ncorresponde al sexo masculino y el 46 % al femenino.<\/p>\n\n\n\n<p>Explic\u00f3 que ante la\ndeclaraci\u00f3n de la Fase 3 de la pandemia, se debe enfatizar en las\nrecomendaciones de sana distancia, de higiene y limpieza, resguardo en casa,\nuso obligatorio de cubrebocas en el transporte y espacios p\u00fablicos.<\/p>\n","protected":false},"excerpt":{"rendered":"<p>Redacci\u00f3n\/Zona Roja. Oaxaca de Ju\u00e1rez, Oax., 21 de abril de 2020.- La regi\u00f3n Ca\u00f1ada registr\u00f3&hellip;<\/p>\n","protected":false},"author":2,"featured_media":11443,"comment_status":"closed","ping_status":"open","sticky":false,"template":"","format":"standard","meta":{"_lmt_disableupdate":"","_lmt_disable":"","_jetpack_memberships_contains_paid_content":false,"footnotes":""},"categories":[109,47],"tags":[1512],"class_list":["post-11442","post","type-post","status-publish","format-standard","has-post-thumbnail","hentry","category-minuto-a-minuto","category-zona-gris","tag-coronavirus-oaxaca"],"jetpack_featured_media_url":"https:\/\/zonaroja.com.mx\/wp-content\/uploads\/2020\/04\/GRAFICAS-SSO-1.jpeg","jetpack_sharing_enabled":true,"_links":{"self":[{"href":"https:\/\/zonaroja.com.mx\/index.php?rest_route=\/wp\/v2\/posts\/11442","targetHints":{"allow":["GET"]}}],"collection":[{"href":"https:\/\/zonaroja.com.mx\/index.php?rest_route=\/wp\/v2\/posts"}],"about":[{"href":"https:\/\/zonaroja.com.mx\/index.php?rest_route=\/wp\/v2\/types\/post"}],"author":[{"embeddable":true,"href":"https:\/\/zonaroja.com.mx\/index.php?rest_route=\/wp\/v2\/users\/2"}],"replies":[{"embeddable":true,"href":"https:\/\/zonaroja.com.mx\/index.php?rest_route=%2Fwp%2Fv2%2Fcomments&post=11442"}],"version-history":[{"count":1,"href":"https:\/\/zonaroja.com.mx\/index.php?rest_route=\/wp\/v2\/posts\/11442\/revisions"}],"predecessor-version":[{"id":11445,"href":"https:\/\/zonaroja.com.mx\/index.php?rest_route=\/wp\/v2\/posts\/11442\/revisions\/11445"}],"wp:featuredmedia":[{"embeddable":true,"href":"https:\/\/zonaroja.com.mx\/index.php?rest_route=\/wp\/v2\/media\/11443"}],"wp:attachment":[{"href":"https:\/\/zonaroja.com.mx\/index.php?rest_route=%2Fwp%2Fv2%2Fmedia&parent=11442"}],"wp:term":[{"taxonomy":"category","embeddable":true,"href":"https:\/\/zonaroja.com.mx\/index.php?rest_route=%2Fwp%2Fv2%2Fcategories&post=11442"},{"taxonomy":"post_tag","embeddable":true,"href":"https:\/\/zonaroja.com.mx\/index.php?rest_route=%2Fwp%2Fv2%2Ftags&post=11442"}],"curies":[{"name":"wp","href":"https:\/\/api.w.org\/{rel}","templated":true}]}}