{"id":11446,"date":"2020-04-22T08:27:47","date_gmt":"2020-04-22T13:27:47","guid":{"rendered":"http:\/\/www.zonaroja.com.mx\/?p=11446"},"modified":"2020-04-22T08:30:18","modified_gmt":"2020-04-22T13:30:18","slug":"ejutla-de-crespo-entre-mariguana-en-zacate-y-asesinatos","status":"publish","type":"post","link":"https:\/\/zonaroja.com.mx\/?p=11446","title":{"rendered":"Ejutla de Crespo, entre mariguana en zacate y asesinatos"},"content":{"rendered":"\n<p>Redacci\u00f3n\/Zona Roja.<\/p>\n\n\n\n<p>Oaxaca de Ju\u00e1rez, Oax., 22\nde abril de 2020.- En Ejutla de Crespo, la Guardia Nacional hall\u00f3 al menos 114\nkilos de yerba verde, con caracter\u00edsticas de la mariguana, oculta entre el\nzacate en una camioneta, pero no hubo personas detenidas.<\/p>\n\n\n\n<p>La localizaci\u00f3n fue el lunes\npor la noche, mismo d\u00eda en que en ese municipio de la regi\u00f3n Valles Centrales\nfue ultimado a balazos un individuo.<\/p>\n\n\n\n<p>El aseguramiento de la droga\nocurri\u00f3 durante la noche del lunes cuando los polic\u00edas federales interceptaron\nuna camioneta marca Ford cargada con zacate, pero sin un faro delantero, por lo\ncual lo iban a infraccionar.<\/p>\n\n\n\n<p>De manera intempestiva\ndescendieron dos personas y emprendieron la huida, intern\u00e1ndose en la maleza,\npor lo que se implement\u00f3 un operativo pie tierra sin poder darles alcance.<\/p>\n\n\n\n<p>Tras realizar un cerco de seguridad perimetral entorno a la unidad, los guardias nacionales localizaron en el \u00e1rea destinada para la carga las pacas de milpa seca que ocultaban una maleta, una caja de cart\u00f3n y\ncinco bolsas de pl\u00e1stico con la apariencia de mariguana.<\/p>\n\n\n\n<p>Para continuar con las indagatorias, todo lo asegurado qued\u00f3 a disposici\u00f3n del agente del Ministerio P\u00fablico Federal en la entidad. <\/p>\n\n\n\n<figure class=\"wp-block-image\"><img decoding=\"async\" width=\"1024\" height=\"768\" src=\"http:\/\/www.zonaroja.com.mx\/wp-content\/uploads\/2020\/04\/PHOTO-2020-04-22-07-44-17-1-1024x768.jpg\" alt=\"\" class=\"wp-image-11448\" srcset=\"https:\/\/zonaroja.com.mx\/wp-content\/uploads\/2020\/04\/PHOTO-2020-04-22-07-44-17-1-1024x768.jpg 1024w, https:\/\/zonaroja.com.mx\/wp-content\/uploads\/2020\/04\/PHOTO-2020-04-22-07-44-17-1-300x225.jpg 300w, https:\/\/zonaroja.com.mx\/wp-content\/uploads\/2020\/04\/PHOTO-2020-04-22-07-44-17-1-768x576.jpg 768w, https:\/\/zonaroja.com.mx\/wp-content\/uploads\/2020\/04\/PHOTO-2020-04-22-07-44-17-1-1170x878.jpg 1170w, https:\/\/zonaroja.com.mx\/wp-content\/uploads\/2020\/04\/PHOTO-2020-04-22-07-44-17-1-585x439.jpg 585w, https:\/\/zonaroja.com.mx\/wp-content\/uploads\/2020\/04\/PHOTO-2020-04-22-07-44-17-1.jpg 1280w\" sizes=\"(max-width: 1024px) 100vw, 1024px\" \/><\/figure>\n\n\n\n<p>EL ASESINADO<\/p>\n\n\n\n<p>Por otra parte, el lunes fue\nlocalizado el cuerpo de una persona, en inmediaciones de la localidad La\nSoritana, de Ejutla.<\/p>\n\n\n\n<p>Presentaba huellas de\nviolencia y varios impactos de arma de fuego; ayer fue identificado como Juan\nC. M. B., quien viv\u00eda en el barrio El Calvario de Ejutla de Crespo.<\/p>\n\n\n\n<p>Hasta el momento se\ndesconoce el m\u00f3vil del crimen y el cuerpo fue reclamado posteriormente por sus\nfamiliares, mientras la Fiscal\u00eda General del Estado realiza las indagatorias\ncorrespondientes.<\/p>\n\n\n\n<p>M\u00c1S DROGA<\/p>\n\n\n\n<p>Por otra parte, en la supercarretera\n135-D, Oaxaca-Cuacnopalan, en jurisdicci\u00f3n de San Pablo Huitzo, Etla, los\nelementos de la Guardia Nacional interceptaron un cami\u00f3n de pasaje para una\nrevisi\u00f3n de rutina y localizaron los tambos con droga.<\/p>\n\n\n\n<p>De acuerdo con el reporte,\nobservaron dos cubetas de pl\u00e1stico que a simple vista llevaba chocolate en\npasta, pero la cual ocultaban en su interior hierba verde con las\ncaracter\u00edsticas propias a la marihuana (comprimida), con un peso aproximado a\nlos 17 kilos.<\/p>\n\n\n\n<p>La droga era transportadas mediante el servicio de paqueter\u00eda, en el portaequipaje del autob\u00fas, marca Mercedes Benz, (SPF) de\u00a0 una empresa de transporte y fue puesto a disposici\u00f3n del fiscal de la federaci\u00f3n. En los dos casos no hubo personas detenidas, s\u00f3lo la droga.<\/p>\n\n\n\n<figure class=\"wp-block-image\"><img decoding=\"async\" width=\"673\" height=\"1024\" src=\"http:\/\/www.zonaroja.com.mx\/wp-content\/uploads\/2020\/04\/PHOTO-2020-04-22-07-44-17-673x1024.jpg\" alt=\"\" class=\"wp-image-11450\" srcset=\"https:\/\/zonaroja.com.mx\/wp-content\/uploads\/2020\/04\/PHOTO-2020-04-22-07-44-17-673x1024.jpg 673w, https:\/\/zonaroja.com.mx\/wp-content\/uploads\/2020\/04\/PHOTO-2020-04-22-07-44-17-197x300.jpg 197w, https:\/\/zonaroja.com.mx\/wp-content\/uploads\/2020\/04\/PHOTO-2020-04-22-07-44-17-585x890.jpg 585w, https:\/\/zonaroja.com.mx\/wp-content\/uploads\/2020\/04\/PHOTO-2020-04-22-07-44-17.jpg 678w\" sizes=\"(max-width: 673px) 100vw, 673px\" \/><\/figure>\n","protected":false},"excerpt":{"rendered":"<p>Redacci\u00f3n\/Zona Roja. Oaxaca de Ju\u00e1rez, Oax., 22 de abril de 2020.- En Ejutla de Crespo,&hellip;<\/p>\n","protected":false},"author":2,"featured_media":11447,"comment_status":"closed","ping_status":"open","sticky":false,"template":"","format":"standard","meta":{"_lmt_disableupdate":"","_lmt_disable":"","_jetpack_memberships_contains_paid_content":false,"footnotes":""},"categories":[109,51],"tags":[],"class_list":["post-11446","post","type-post","status-publish","format-standard","has-post-thumbnail","hentry","category-minuto-a-minuto","category-zona-roja"],"jetpack_featured_media_url":"https:\/\/zonaroja.com.mx\/wp-content\/uploads\/2020\/04\/Asesinado-Ejutla.jpg","jetpack_sharing_enabled":true,"_links":{"self":[{"href":"https:\/\/zonaroja.com.mx\/index.php?rest_route=\/wp\/v2\/posts\/11446","targetHints":{"allow":["GET"]}}],"collection":[{"href":"https:\/\/zonaroja.com.mx\/index.php?rest_route=\/wp\/v2\/posts"}],"about":[{"href":"https:\/\/zonaroja.com.mx\/index.php?rest_route=\/wp\/v2\/types\/post"}],"author":[{"embeddable":true,"href":"https:\/\/zonaroja.com.mx\/index.php?rest_route=\/wp\/v2\/users\/2"}],"replies":[{"embeddable":true,"href":"https:\/\/zonaroja.com.mx\/index.php?rest_route=%2Fwp%2Fv2%2Fcomments&post=11446"}],"version-history":[{"count":2,"href":"https:\/\/zonaroja.com.mx\/index.php?rest_route=\/wp\/v2\/posts\/11446\/revisions"}],"predecessor-version":[{"id":11451,"href":"https:\/\/zonaroja.com.mx\/index.php?rest_route=\/wp\/v2\/posts\/11446\/revisions\/11451"}],"wp:featuredmedia":[{"embeddable":true,"href":"https:\/\/zonaroja.com.mx\/index.php?rest_route=\/wp\/v2\/media\/11447"}],"wp:attachment":[{"href":"https:\/\/zonaroja.com.mx\/index.php?rest_route=%2Fwp%2Fv2%2Fmedia&parent=11446"}],"wp:term":[{"taxonomy":"category","embeddable":true,"href":"https:\/\/zonaroja.com.mx\/index.php?rest_route=%2Fwp%2Fv2%2Fcategories&post=11446"},{"taxonomy":"post_tag","embeddable":true,"href":"https:\/\/zonaroja.com.mx\/index.php?rest_route=%2Fwp%2Fv2%2Ftags&post=11446"}],"curies":[{"name":"wp","href":"https:\/\/api.w.org\/{rel}","templated":true}]}}